{"id":993,"date":"2020-09-24T18:43:00","date_gmt":"2020-09-24T18:43:00","guid":{"rendered":"http:\/\/osbrcanskamalta.com.ba\/?p=993"},"modified":"2020-09-28T18:59:57","modified_gmt":"2020-09-28T18:59:57","slug":"medunarodni-dan-mira-u-znaku-etos-a-veliki-svijete-ovu-poruku-ti-salje-jedno-dijete","status":"publish","type":"post","link":"https:\/\/osbrcanskamalta.com.ba\/?p=993","title":{"rendered":"Me\u0111unarodni dan mira u znaku ETOS-a: \u201eVeliki svijete, ovu poruku ti \u0161alje jedno dijete!\u201c"},"content":{"rendered":"\n<p>Povodom Me\u0111unarodnog dana mira, koji se od 1981. godine obilje\u017eava 21. septembra, nastavljene su aktivnosti u sklopu projekta \u201eUmjetnost i razumijevanje dijaloga kroz direktnu i online komunikaciju\u201c.<\/p>\n\n\n\n<p>U aktivnosti su u\u010destvovali u\u010denici VIIIa odjeljenja&nbsp; JU O.\u0160. \u201eBr\u010danska Malta\u201c,&nbsp; uz prof. Almiru Be\u0107irovi\u0107 i koordinatoricu Muneveru Rahmanovi\u0107 \u2013 Hrbat, a zatim i u\u010denici partnerske \u0161kole, 1T4 i 2T3 JU \u201eMje\u0161ovita srednja elektrotehni\u010dka \u0161kola\u201c uz prof. Larisu Softi\u0107 \u2013 Gasal.<\/p>\n\n\n\n<p>Tom prilikom, u holu \u0161kola prezentovani su likovni radovi i poruke mira u svrhu promocije univerzalnih ljudskih vrijednosti; humanosti, solidarnosti i me\u0111ureligijskog dijaloga \u2013 a koje je, smatraju inicijatori projekta, neophodno kontinuirano isticati s ciljem odr\u017eanja zdravog dru\u0161tva na globalnom nivou.<\/p>\n\n\n\n<p>Jedan od radova koji su istaknuti u holu \u0161kola, glasi:<\/p>\n\n\n\n<p><em>Stari ljudi se sje\u0107aju<\/em><\/p>\n\n\n\n<p><em>tu\u017enog rata<\/em><\/p>\n\n\n\n<p><em>a neki ka\u017eu da su tada<\/em><\/p>\n\n\n\n<p><em>izgubili voljenog brata&#8230;<\/em><\/p>\n\n\n\n<p><em>Nikad! Nikad se ponoviti ne\u0107e,<\/em><\/p>\n\n\n\n<p><em>\u017divot \u0107e biti pun sre\u0107e.<\/em><\/p>\n\n\n\n<p><em>Ovakav \u017eivot, \u017eivot bez tu\u010de i rata,<\/em><\/p>\n\n\n\n<p><em>svako dijete \u017eeli sada!<\/em><\/p>\n\n\n\n<p><em>Veliki svijete,<\/em><\/p>\n\n\n\n<p><em>ovu poruku ti \u0161alje jedno dijete.<\/em><\/p>\n\n\n\n<p>Projekat se realizuje u okviru Etos inicijative, koju provodi TPO Fondacija iz Sarajeva.<\/p>\n\n\n\n<p class=\"has-text-align-center\"><strong>Poruke mira<\/strong><\/p>\n\n\n\n<p>Razni problemi sa kojima se svakodnevno susre\u0107emo donose i mno\u0161tvo briga za svakoga, kako za pojedinca tako i za dru\u0161tvo. Pitanja koja nas najvi\u0161e mu\u010de su:<\/p>\n\n\n\n<ul class=\"wp-block-list\"><li>Zbog \u010dega ljudi ratuju kada svi mo\u017eemo \u017eivjeti skupa?<\/li><li>Za\u0161to se ljudi ne trude da za\u0161tite sebe pa onda i svoje bli\u017enje od bolesti?<\/li><li>Za\u0161to bogati razbacuju novac na bespotrebne stvari kada neki ljudi umiru od gladi?<\/li><\/ul>\n\n\n\n<p>Kada bismo svi u\u010destvovali u tra\u017eenju odgovora, mo\u017eda na neki na\u010din,ovi problemi bi se rije\u0161ili. Za sve promjene koje \u017eelimo da izvr\u0161imo moramo prvo da po\u010dnemo od pobolj\u0161anja nas i na\u0161e li\u010dnosti.<\/p>\n\n\n\n<p>Moj mir na ovom svijetu dolazi u\u010denjem. Pro\u0161irenjem vlastitog znanja na neki na\u010din \u010dinim ovaj svijet bogatijim i donosim mu mir. U\u010denjem&nbsp; o lo\u0161im stvarima donosimo mir. U\u010denjem koliko ljudi pogine za vrijeme jednog rata, koliko njih izgubi voljene i domove spre\u010davamo rat. U\u010denjem kako da kontroli\u0161emo bijes, ljutnju i upadanje u beskorisne rasprave mi zaustavljamo ru\u017ene sukobe. U\u010denjem o tome koliko djeca pate kada su ostavljena mo\u017eemo utjecati na spre\u010davanje ubistva i samoubistva. Najva\u017enije je da u\u010denjem shvatimo koliko ljudi zavoli svoj \u017eivot zbog ne\u010dijeg savjeta ili osmijeha&#8230;Spoznajom svih ovih stvari mi osobno, kao i dru\u0161tvo na koje utje\u010demo donosimo mir na ovoj maloj loptici koju nazivamo Zemlja.<br>Niko nema savr\u0161en \u017eivot, odnosno recept ili rje\u0161enje za sve, to nam pokazuje i ovaj virus, zbog toga ne trebamo tro\u0161iti svoju \u017eivotnu energiju tragaju\u0107i za savr\u0161enstvom. Treba samo da budemo svoji, \u017eivimo najboljim \u017eivotom poma\u017eu\u0107i drugima na na\u010din koji mo\u017eemo i \u0161titimo svoje voljene.<br>Imati ili sklopiti ili dosti\u0107i mir je jednostavno samo se treba brinuti o svom \u017eivotu pa tako ne\u0107e ni biti potrebe da se mir remeti. &nbsp;&nbsp;&nbsp;&nbsp;&nbsp;&nbsp;&nbsp;&nbsp;&nbsp;&nbsp;&nbsp;&nbsp;&nbsp;&nbsp;&nbsp;&nbsp;&nbsp;&nbsp;&nbsp;&nbsp;&nbsp;&nbsp;&nbsp;&nbsp;&nbsp;&nbsp;&nbsp;&nbsp;&nbsp;&nbsp;&nbsp;&nbsp;&nbsp;&nbsp;&nbsp;&nbsp;&nbsp;&nbsp;&nbsp;&nbsp;&nbsp;&nbsp;&nbsp;&nbsp;&nbsp;&nbsp;&nbsp;&nbsp;&nbsp;&nbsp;&nbsp;&nbsp;&nbsp;&nbsp;&nbsp;&nbsp;&nbsp;&nbsp;&nbsp;&nbsp;&nbsp;&nbsp;&nbsp;&nbsp;&nbsp;&nbsp;&nbsp;&nbsp;&nbsp;&nbsp;&nbsp;&nbsp;&nbsp;&nbsp;&nbsp;&nbsp;&nbsp;&nbsp;&nbsp;&nbsp;&nbsp;&nbsp;&nbsp;&nbsp;&nbsp;&nbsp;&nbsp;&nbsp;&nbsp;&nbsp;&nbsp;&nbsp;&nbsp;&nbsp; Sabina Avdi\u0107, 1T3<\/p>\n\n\n\n<p><\/p>\n\n\n\n<p class=\"has-text-align-center\"><strong>Zrelost jednog \u010dovjeka se o\u010dituje u kreiranju dobrobiti svih ljudi<\/strong><\/p>\n\n\n\n<p>Zrelost jednog \u010dovjeka predstavlja period u kojem \u010dovjek postaje svjestan svog postojanja i svoje svrhe na ovoj planeti. Zreli ljudi bi trebali biti osje\u0107ajni i solidarni. Oni ne smiju biti pasivni posmatra\u010di nego se moraju aktivno uklju\u010divati u rje\u0161avanje svakodnevnih problema. Kada su ugro\u017eena prava \u010dovjeka, zreo \u010dovjek mora podi\u0107i svoj glas protiv nepravde ili ako su ugro\u017eeni \u017eivoti ljudi, kao \u0161to je slu\u010daj ovih dana zbog pandemije, on mora dati svoj doprinos, jer zreo \u010dovjek se ne bori da samo njemu bude bolje, on se bori da za\u0161titi i sebe i druge. On ustaje protiv zla i bori se za dobrobit svih ljudi.<\/p>\n\n\n\n<p>Borba zrelih i pametnih ljudi je borba za dobrobit svih ljudi za \u017eivot i zdravlje svakog \u010dovjeka, borba za dostojanstvo svakog \u010dovjeka, za toleranciju zajedni\u0161tvo i su\u017eivot, borba za bolje sutra, na\u0161ih budu\u0107ih nara\u0161taja. Na\u017ealost, danas je sve vi\u0161e ljudi koji se po godinama smatraju zrelim ljudima ali kojima dobrobit svih nije na prvom mjestu, nego li\u010dna korist.<\/p>\n\n\n\n<p>\u00a0\u00a0\u00a0\u00a0\u00a0\u00a0\u00a0\u00a0\u00a0\u00a0\u00a0\u00a0\u00a0\u00a0\u00a0\u00a0\u00a0\u00a0\u00a0\u00a0\u00a0\u00a0\u00a0\u00a0\u00a0\u00a0\u00a0\u00a0\u00a0\u00a0\u00a0\u00a0\u00a0\u00a0\u00a0\u00a0\u00a0\u00a0\u00a0\u00a0\u00a0\u00a0\u00a0\u00a0\u00a0\u00a0\u00a0\u00a0\u00a0\u00a0\u00a0\u00a0\u00a0\u00a0\u00a0\u00a0\u00a0\u00a0\u00a0\u00a0\u00a0\u00a0\u00a0\u00a0\u00a0\u00a0\u00a0\u00a0\u00a0\u00a0\u00a0\u00a0\u00a0\u00a0\u00a0\u00a0\u00a0\u00a0\u00a0\u00a0\u00a0\u00a0\u00a0\u00a0\u00a0\u00a0\u00a0\u00a0\u00a0\u00a0\u00a0\u00a0\u00a0\u00a0\u00a0\u00a0\u00a0\u00a0 Faris \u0160kahi\u0107, 1T3<\/p>\n\n\n\n<figure class=\"wp-block-gallery columns-3 is-cropped wp-block-gallery-1 is-layout-flex wp-block-gallery-is-layout-flex\"><ul class=\"blocks-gallery-grid\"><li class=\"blocks-gallery-item\"><figure><img loading=\"lazy\" decoding=\"async\" width=\"1024\" height=\"577\" src=\"http:\/\/osbrcanskamalta.com.ba\/wp-content\/uploads\/2020\/09\/IMG_20200921_115837-1024x577.jpg\" alt=\"\" data-id=\"994\" data-full-url=\"http:\/\/osbrcanskamalta.com.ba\/wp-content\/uploads\/2020\/09\/IMG_20200921_115837-scaled.jpg\" data-link=\"http:\/\/osbrcanskamalta.com.ba\/?attachment_id=994\" class=\"wp-image-994\" srcset=\"https:\/\/osbrcanskamalta.com.ba\/wp-content\/uploads\/2020\/09\/IMG_20200921_115837-1024x577.jpg 1024w, https:\/\/osbrcanskamalta.com.ba\/wp-content\/uploads\/2020\/09\/IMG_20200921_115837-300x169.jpg 300w, https:\/\/osbrcanskamalta.com.ba\/wp-content\/uploads\/2020\/09\/IMG_20200921_115837-768x433.jpg 768w, https:\/\/osbrcanskamalta.com.ba\/wp-content\/uploads\/2020\/09\/IMG_20200921_115837-1536x866.jpg 1536w, https:\/\/osbrcanskamalta.com.ba\/wp-content\/uploads\/2020\/09\/IMG_20200921_115837-2048x1155.jpg 2048w\" sizes=\"auto, (max-width: 1024px) 100vw, 1024px\" \/><figcaption class=\"blocks-gallery-item__caption\">btr<\/figcaption><\/figure><\/li><li class=\"blocks-gallery-item\"><figure><img loading=\"lazy\" decoding=\"async\" width=\"1024\" height=\"577\" src=\"http:\/\/osbrcanskamalta.com.ba\/wp-content\/uploads\/2020\/09\/IMG_20200921_121204-1024x577.jpg\" alt=\"\" data-id=\"995\" data-full-url=\"http:\/\/osbrcanskamalta.com.ba\/wp-content\/uploads\/2020\/09\/IMG_20200921_121204-scaled.jpg\" data-link=\"http:\/\/osbrcanskamalta.com.ba\/?attachment_id=995\" class=\"wp-image-995\" srcset=\"https:\/\/osbrcanskamalta.com.ba\/wp-content\/uploads\/2020\/09\/IMG_20200921_121204-1024x577.jpg 1024w, https:\/\/osbrcanskamalta.com.ba\/wp-content\/uploads\/2020\/09\/IMG_20200921_121204-300x169.jpg 300w, https:\/\/osbrcanskamalta.com.ba\/wp-content\/uploads\/2020\/09\/IMG_20200921_121204-768x433.jpg 768w, https:\/\/osbrcanskamalta.com.ba\/wp-content\/uploads\/2020\/09\/IMG_20200921_121204-1536x866.jpg 1536w, https:\/\/osbrcanskamalta.com.ba\/wp-content\/uploads\/2020\/09\/IMG_20200921_121204-2048x1155.jpg 2048w\" sizes=\"auto, (max-width: 1024px) 100vw, 1024px\" \/><figcaption class=\"blocks-gallery-item__caption\">btr<\/figcaption><\/figure><\/li><li class=\"blocks-gallery-item\"><figure><img loading=\"lazy\" decoding=\"async\" width=\"1024\" height=\"577\" src=\"http:\/\/osbrcanskamalta.com.ba\/wp-content\/uploads\/2020\/09\/IMG_20200921_121213-1024x577.jpg\" alt=\"\" data-id=\"996\" data-full-url=\"http:\/\/osbrcanskamalta.com.ba\/wp-content\/uploads\/2020\/09\/IMG_20200921_121213-scaled.jpg\" data-link=\"http:\/\/osbrcanskamalta.com.ba\/?attachment_id=996\" class=\"wp-image-996\" srcset=\"https:\/\/osbrcanskamalta.com.ba\/wp-content\/uploads\/2020\/09\/IMG_20200921_121213-1024x577.jpg 1024w, https:\/\/osbrcanskamalta.com.ba\/wp-content\/uploads\/2020\/09\/IMG_20200921_121213-300x169.jpg 300w, https:\/\/osbrcanskamalta.com.ba\/wp-content\/uploads\/2020\/09\/IMG_20200921_121213-768x433.jpg 768w, https:\/\/osbrcanskamalta.com.ba\/wp-content\/uploads\/2020\/09\/IMG_20200921_121213-1536x866.jpg 1536w, https:\/\/osbrcanskamalta.com.ba\/wp-content\/uploads\/2020\/09\/IMG_20200921_121213-2048x1155.jpg 2048w\" sizes=\"auto, (max-width: 1024px) 100vw, 1024px\" \/><figcaption class=\"blocks-gallery-item__caption\">btr<\/figcaption><\/figure><\/li><li class=\"blocks-gallery-item\"><figure><img loading=\"lazy\" decoding=\"async\" width=\"1024\" height=\"577\" src=\"http:\/\/osbrcanskamalta.com.ba\/wp-content\/uploads\/2020\/09\/IMG_20200921_121221-1024x577.jpg\" alt=\"\" data-id=\"997\" data-full-url=\"http:\/\/osbrcanskamalta.com.ba\/wp-content\/uploads\/2020\/09\/IMG_20200921_121221-scaled.jpg\" data-link=\"http:\/\/osbrcanskamalta.com.ba\/?attachment_id=997\" class=\"wp-image-997\" srcset=\"https:\/\/osbrcanskamalta.com.ba\/wp-content\/uploads\/2020\/09\/IMG_20200921_121221-1024x577.jpg 1024w, https:\/\/osbrcanskamalta.com.ba\/wp-content\/uploads\/2020\/09\/IMG_20200921_121221-300x169.jpg 300w, https:\/\/osbrcanskamalta.com.ba\/wp-content\/uploads\/2020\/09\/IMG_20200921_121221-768x433.jpg 768w, https:\/\/osbrcanskamalta.com.ba\/wp-content\/uploads\/2020\/09\/IMG_20200921_121221-1536x866.jpg 1536w, https:\/\/osbrcanskamalta.com.ba\/wp-content\/uploads\/2020\/09\/IMG_20200921_121221-2048x1155.jpg 2048w\" sizes=\"auto, (max-width: 1024px) 100vw, 1024px\" \/><figcaption class=\"blocks-gallery-item__caption\">rbthdr<\/figcaption><\/figure><\/li><li class=\"blocks-gallery-item\"><figure><img loading=\"lazy\" decoding=\"async\" width=\"930\" height=\"1024\" src=\"http:\/\/osbrcanskamalta.com.ba\/wp-content\/uploads\/2020\/09\/IMG_20200923_191548-930x1024.jpg\" alt=\"\" data-id=\"998\" data-full-url=\"http:\/\/osbrcanskamalta.com.ba\/wp-content\/uploads\/2020\/09\/IMG_20200923_191548.jpg\" data-link=\"http:\/\/osbrcanskamalta.com.ba\/?attachment_id=998\" class=\"wp-image-998\" srcset=\"https:\/\/osbrcanskamalta.com.ba\/wp-content\/uploads\/2020\/09\/IMG_20200923_191548-930x1024.jpg 930w, https:\/\/osbrcanskamalta.com.ba\/wp-content\/uploads\/2020\/09\/IMG_20200923_191548-272x300.jpg 272w, https:\/\/osbrcanskamalta.com.ba\/wp-content\/uploads\/2020\/09\/IMG_20200923_191548-768x846.jpg 768w, https:\/\/osbrcanskamalta.com.ba\/wp-content\/uploads\/2020\/09\/IMG_20200923_191548.jpg 1080w\" sizes=\"auto, (max-width: 930px) 100vw, 930px\" \/><\/figure><\/li><li class=\"blocks-gallery-item\"><figure><img loading=\"lazy\" decoding=\"async\" width=\"1024\" height=\"750\" src=\"http:\/\/osbrcanskamalta.com.ba\/wp-content\/uploads\/2020\/09\/IMG_20200923_191620-1024x750.jpg\" alt=\"\" data-id=\"999\" data-full-url=\"http:\/\/osbrcanskamalta.com.ba\/wp-content\/uploads\/2020\/09\/IMG_20200923_191620.jpg\" data-link=\"http:\/\/osbrcanskamalta.com.ba\/?attachment_id=999\" class=\"wp-image-999\" srcset=\"https:\/\/osbrcanskamalta.com.ba\/wp-content\/uploads\/2020\/09\/IMG_20200923_191620-1024x750.jpg 1024w, https:\/\/osbrcanskamalta.com.ba\/wp-content\/uploads\/2020\/09\/IMG_20200923_191620-300x220.jpg 300w, https:\/\/osbrcanskamalta.com.ba\/wp-content\/uploads\/2020\/09\/IMG_20200923_191620-768x562.jpg 768w, https:\/\/osbrcanskamalta.com.ba\/wp-content\/uploads\/2020\/09\/IMG_20200923_191620.jpg 1080w\" sizes=\"auto, (max-width: 1024px) 100vw, 1024px\" \/><\/figure><\/li><li class=\"blocks-gallery-item\"><figure><img loading=\"lazy\" decoding=\"async\" width=\"1024\" height=\"757\" src=\"http:\/\/osbrcanskamalta.com.ba\/wp-content\/uploads\/2020\/09\/IMG_20200923_191638-1024x757.jpg\" alt=\"\" data-id=\"1000\" data-full-url=\"http:\/\/osbrcanskamalta.com.ba\/wp-content\/uploads\/2020\/09\/IMG_20200923_191638.jpg\" data-link=\"http:\/\/osbrcanskamalta.com.ba\/?attachment_id=1000\" class=\"wp-image-1000\" srcset=\"https:\/\/osbrcanskamalta.com.ba\/wp-content\/uploads\/2020\/09\/IMG_20200923_191638-1024x757.jpg 1024w, https:\/\/osbrcanskamalta.com.ba\/wp-content\/uploads\/2020\/09\/IMG_20200923_191638-300x222.jpg 300w, https:\/\/osbrcanskamalta.com.ba\/wp-content\/uploads\/2020\/09\/IMG_20200923_191638-768x567.jpg 768w, https:\/\/osbrcanskamalta.com.ba\/wp-content\/uploads\/2020\/09\/IMG_20200923_191638.jpg 1080w\" sizes=\"auto, (max-width: 1024px) 100vw, 1024px\" \/><\/figure><\/li><\/ul><\/figure>\n","protected":false},"excerpt":{"rendered":"<p>Povodom Me\u0111unarodnog dana mira, koji se od 1981. godine obilje\u017eava 21. septembra, nastavljene su aktivnosti u sklopu projekta \u201eUmjetnost i &hellip; <\/p>\n","protected":false},"author":1,"featured_media":0,"comment_status":"closed","ping_status":"closed","sticky":false,"template":"","format":"standard","meta":{"footnotes":""},"categories":[12],"tags":[],"class_list":["post-993","post","type-post","status-publish","format-standard","hentry","category-etos-inicijativa"],"yoast_head":"<!-- This site is optimized with the Yoast SEO plugin v19.13 - https:\/\/yoast.com\/wordpress\/plugins\/seo\/ -->\n<title>Me\u0111unarodni dan mira u znaku ETOS-a: \u201eVeliki svijete, ovu poruku ti \u0161alje jedno dijete!\u201c - O\u0160 &quot;Br\u010danska Malta&quot;<\/title>\n<meta name=\"robots\" content=\"index, follow, max-snippet:-1, max-image-preview:large, max-video-preview:-1\" \/>\n<link rel=\"canonical\" href=\"https:\/\/osbrcanskamalta.com.ba\/?p=993\" \/>\n<meta property=\"og:locale\" content=\"en_US\" \/>\n<meta property=\"og:type\" content=\"article\" \/>\n<meta property=\"og:title\" content=\"Me\u0111unarodni dan mira u znaku ETOS-a: \u201eVeliki svijete, ovu poruku ti \u0161alje jedno dijete!\u201c - O\u0160 &quot;Br\u010danska Malta&quot;\" \/>\n<meta property=\"og:description\" content=\"Povodom Me\u0111unarodnog dana mira, koji se od 1981. godine obilje\u017eava 21. septembra, nastavljene su aktivnosti u sklopu projekta \u201eUmjetnost i &hellip;\" \/>\n<meta property=\"og:url\" content=\"https:\/\/osbrcanskamalta.com.ba\/?p=993\" \/>\n<meta property=\"og:site_name\" content=\"O\u0160 &quot;Br\u010danska Malta&quot;\" \/>\n<meta property=\"article:published_time\" content=\"2020-09-24T18:43:00+00:00\" \/>\n<meta property=\"article:modified_time\" content=\"2020-09-28T18:59:57+00:00\" \/>\n<meta property=\"og:image\" content=\"http:\/\/osbrcanskamalta.com.ba\/wp-content\/uploads\/2020\/09\/IMG_20200921_115837-1024x577.jpg\" \/>\n<meta name=\"twitter:card\" content=\"summary_large_image\" \/>\n<meta name=\"twitter:label1\" content=\"Written by\" \/>\n\t<meta name=\"twitter:data1\" content=\"\" \/>\n\t<meta name=\"twitter:label2\" content=\"Est. reading time\" \/>\n\t<meta name=\"twitter:data2\" content=\"4 minutes\" \/>\n<script type=\"application\/ld+json\" class=\"yoast-schema-graph\">{\"@context\":\"https:\/\/schema.org\",\"@graph\":[{\"@type\":\"Article\",\"@id\":\"https:\/\/osbrcanskamalta.com.ba\/?p=993#article\",\"isPartOf\":{\"@id\":\"https:\/\/osbrcanskamalta.com.ba\/?p=993\"},\"author\":{\"name\":\"\",\"@id\":\"\"},\"headline\":\"Me\u0111unarodni dan mira u znaku ETOS-a: \u201eVeliki svijete, ovu poruku ti \u0161alje jedno dijete!\u201c\",\"datePublished\":\"2020-09-24T18:43:00+00:00\",\"dateModified\":\"2020-09-28T18:59:57+00:00\",\"mainEntityOfPage\":{\"@id\":\"https:\/\/osbrcanskamalta.com.ba\/?p=993\"},\"wordCount\":828,\"publisher\":{\"@id\":\"https:\/\/osbrcanskamalta.com.ba\/#organization\"},\"articleSection\":[\"ETOS inicijativa\"],\"inLanguage\":\"en-US\"},{\"@type\":\"WebPage\",\"@id\":\"https:\/\/osbrcanskamalta.com.ba\/?p=993\",\"url\":\"https:\/\/osbrcanskamalta.com.ba\/?p=993\",\"name\":\"Me\u0111unarodni dan mira u znaku ETOS-a: \u201eVeliki svijete, ovu poruku ti \u0161alje jedno dijete!\u201c - O\u0160 &quot;Br\u010danska Malta&quot;\",\"isPartOf\":{\"@id\":\"https:\/\/osbrcanskamalta.com.ba\/#website\"},\"datePublished\":\"2020-09-24T18:43:00+00:00\",\"dateModified\":\"2020-09-28T18:59:57+00:00\",\"breadcrumb\":{\"@id\":\"https:\/\/osbrcanskamalta.com.ba\/?p=993#breadcrumb\"},\"inLanguage\":\"en-US\",\"potentialAction\":[{\"@type\":\"ReadAction\",\"target\":[\"https:\/\/osbrcanskamalta.com.ba\/?p=993\"]}]},{\"@type\":\"BreadcrumbList\",\"@id\":\"https:\/\/osbrcanskamalta.com.ba\/?p=993#breadcrumb\",\"itemListElement\":[{\"@type\":\"ListItem\",\"position\":1,\"name\":\"Home\",\"item\":\"https:\/\/osbrcanskamalta.com.ba\/\"},{\"@type\":\"ListItem\",\"position\":2,\"name\":\"Me\u0111unarodni dan mira u znaku ETOS-a: \u201eVeliki svijete, ovu poruku ti \u0161alje jedno dijete!\u201c\"}]},{\"@type\":\"WebSite\",\"@id\":\"https:\/\/osbrcanskamalta.com.ba\/#website\",\"url\":\"https:\/\/osbrcanskamalta.com.ba\/\",\"name\":\"O\u0160 &quot;Br\u010danska Malta&quot;\",\"description\":\"Miroslava Krle\u017ee 27, Tuzla\",\"publisher\":{\"@id\":\"https:\/\/osbrcanskamalta.com.ba\/#organization\"},\"potentialAction\":[{\"@type\":\"SearchAction\",\"target\":{\"@type\":\"EntryPoint\",\"urlTemplate\":\"https:\/\/osbrcanskamalta.com.ba\/?s={search_term_string}\"},\"query-input\":\"required name=search_term_string\"}],\"inLanguage\":\"en-US\"},{\"@type\":\"Organization\",\"@id\":\"https:\/\/osbrcanskamalta.com.ba\/#organization\",\"name\":\"O\u0160 &quot;Br\u010danska Malta&quot;\",\"url\":\"https:\/\/osbrcanskamalta.com.ba\/\",\"logo\":{\"@type\":\"ImageObject\",\"inLanguage\":\"en-US\",\"@id\":\"https:\/\/osbrcanskamalta.com.ba\/#\/schema\/logo\/image\/\",\"url\":\"https:\/\/osbrcanskamalta.com.ba\/wp-content\/uploads\/2023\/01\/cropped-grb2.jpg\",\"contentUrl\":\"https:\/\/osbrcanskamalta.com.ba\/wp-content\/uploads\/2023\/01\/cropped-grb2.jpg\",\"width\":311,\"height\":400,\"caption\":\"O\u0160 &quot;Br\u010danska Malta&quot;\"},\"image\":{\"@id\":\"https:\/\/osbrcanskamalta.com.ba\/#\/schema\/logo\/image\/\"}},{\"@type\":\"Person\",\"@id\":\"\",\"url\":\"https:\/\/osbrcanskamalta.com.ba\/?author=1\"}]}<\/script>\n<!-- \/ Yoast SEO plugin. -->","yoast_head_json":{"title":"Me\u0111unarodni dan mira u znaku ETOS-a: \u201eVeliki svijete, ovu poruku ti \u0161alje jedno dijete!\u201c - O\u0160 &quot;Br\u010danska Malta&quot;","robots":{"index":"index","follow":"follow","max-snippet":"max-snippet:-1","max-image-preview":"max-image-preview:large","max-video-preview":"max-video-preview:-1"},"canonical":"https:\/\/osbrcanskamalta.com.ba\/?p=993","og_locale":"en_US","og_type":"article","og_title":"Me\u0111unarodni dan mira u znaku ETOS-a: \u201eVeliki svijete, ovu poruku ti \u0161alje jedno dijete!\u201c - O\u0160 &quot;Br\u010danska Malta&quot;","og_description":"Povodom Me\u0111unarodnog dana mira, koji se od 1981. godine obilje\u017eava 21. septembra, nastavljene su aktivnosti u sklopu projekta \u201eUmjetnost i &hellip;","og_url":"https:\/\/osbrcanskamalta.com.ba\/?p=993","og_site_name":"O\u0160 &quot;Br\u010danska Malta&quot;","article_published_time":"2020-09-24T18:43:00+00:00","article_modified_time":"2020-09-28T18:59:57+00:00","og_image":[{"url":"http:\/\/osbrcanskamalta.com.ba\/wp-content\/uploads\/2020\/09\/IMG_20200921_115837-1024x577.jpg"}],"twitter_card":"summary_large_image","twitter_misc":{"Written by":"","Est. reading time":"4 minutes"},"schema":{"@context":"https:\/\/schema.org","@graph":[{"@type":"Article","@id":"https:\/\/osbrcanskamalta.com.ba\/?p=993#article","isPartOf":{"@id":"https:\/\/osbrcanskamalta.com.ba\/?p=993"},"author":{"name":"","@id":""},"headline":"Me\u0111unarodni dan mira u znaku ETOS-a: \u201eVeliki svijete, ovu poruku ti \u0161alje jedno dijete!\u201c","datePublished":"2020-09-24T18:43:00+00:00","dateModified":"2020-09-28T18:59:57+00:00","mainEntityOfPage":{"@id":"https:\/\/osbrcanskamalta.com.ba\/?p=993"},"wordCount":828,"publisher":{"@id":"https:\/\/osbrcanskamalta.com.ba\/#organization"},"articleSection":["ETOS inicijativa"],"inLanguage":"en-US"},{"@type":"WebPage","@id":"https:\/\/osbrcanskamalta.com.ba\/?p=993","url":"https:\/\/osbrcanskamalta.com.ba\/?p=993","name":"Me\u0111unarodni dan mira u znaku ETOS-a: \u201eVeliki svijete, ovu poruku ti \u0161alje jedno dijete!\u201c - O\u0160 &quot;Br\u010danska Malta&quot;","isPartOf":{"@id":"https:\/\/osbrcanskamalta.com.ba\/#website"},"datePublished":"2020-09-24T18:43:00+00:00","dateModified":"2020-09-28T18:59:57+00:00","breadcrumb":{"@id":"https:\/\/osbrcanskamalta.com.ba\/?p=993#breadcrumb"},"inLanguage":"en-US","potentialAction":[{"@type":"ReadAction","target":["https:\/\/osbrcanskamalta.com.ba\/?p=993"]}]},{"@type":"BreadcrumbList","@id":"https:\/\/osbrcanskamalta.com.ba\/?p=993#breadcrumb","itemListElement":[{"@type":"ListItem","position":1,"name":"Home","item":"https:\/\/osbrcanskamalta.com.ba\/"},{"@type":"ListItem","position":2,"name":"Me\u0111unarodni dan mira u znaku ETOS-a: \u201eVeliki svijete, ovu poruku ti \u0161alje jedno dijete!\u201c"}]},{"@type":"WebSite","@id":"https:\/\/osbrcanskamalta.com.ba\/#website","url":"https:\/\/osbrcanskamalta.com.ba\/","name":"O\u0160 &quot;Br\u010danska Malta&quot;","description":"Miroslava Krle\u017ee 27, Tuzla","publisher":{"@id":"https:\/\/osbrcanskamalta.com.ba\/#organization"},"potentialAction":[{"@type":"SearchAction","target":{"@type":"EntryPoint","urlTemplate":"https:\/\/osbrcanskamalta.com.ba\/?s={search_term_string}"},"query-input":"required name=search_term_string"}],"inLanguage":"en-US"},{"@type":"Organization","@id":"https:\/\/osbrcanskamalta.com.ba\/#organization","name":"O\u0160 &quot;Br\u010danska Malta&quot;","url":"https:\/\/osbrcanskamalta.com.ba\/","logo":{"@type":"ImageObject","inLanguage":"en-US","@id":"https:\/\/osbrcanskamalta.com.ba\/#\/schema\/logo\/image\/","url":"https:\/\/osbrcanskamalta.com.ba\/wp-content\/uploads\/2023\/01\/cropped-grb2.jpg","contentUrl":"https:\/\/osbrcanskamalta.com.ba\/wp-content\/uploads\/2023\/01\/cropped-grb2.jpg","width":311,"height":400,"caption":"O\u0160 &quot;Br\u010danska Malta&quot;"},"image":{"@id":"https:\/\/osbrcanskamalta.com.ba\/#\/schema\/logo\/image\/"}},{"@type":"Person","@id":"","url":"https:\/\/osbrcanskamalta.com.ba\/?author=1"}]}},"_links":{"self":[{"href":"https:\/\/osbrcanskamalta.com.ba\/index.php?rest_route=\/wp\/v2\/posts\/993","targetHints":{"allow":["GET"]}}],"collection":[{"href":"https:\/\/osbrcanskamalta.com.ba\/index.php?rest_route=\/wp\/v2\/posts"}],"about":[{"href":"https:\/\/osbrcanskamalta.com.ba\/index.php?rest_route=\/wp\/v2\/types\/post"}],"author":[{"embeddable":true,"href":"https:\/\/osbrcanskamalta.com.ba\/index.php?rest_route=\/wp\/v2\/users\/1"}],"replies":[{"embeddable":true,"href":"https:\/\/osbrcanskamalta.com.ba\/index.php?rest_route=%2Fwp%2Fv2%2Fcomments&post=993"}],"version-history":[{"count":2,"href":"https:\/\/osbrcanskamalta.com.ba\/index.php?rest_route=\/wp\/v2\/posts\/993\/revisions"}],"predecessor-version":[{"id":1002,"href":"https:\/\/osbrcanskamalta.com.ba\/index.php?rest_route=\/wp\/v2\/posts\/993\/revisions\/1002"}],"wp:attachment":[{"href":"https:\/\/osbrcanskamalta.com.ba\/index.php?rest_route=%2Fwp%2Fv2%2Fmedia&parent=993"}],"wp:term":[{"taxonomy":"category","embeddable":true,"href":"https:\/\/osbrcanskamalta.com.ba\/index.php?rest_route=%2Fwp%2Fv2%2Fcategories&post=993"},{"taxonomy":"post_tag","embeddable":true,"href":"https:\/\/osbrcanskamalta.com.ba\/index.php?rest_route=%2Fwp%2Fv2%2Ftags&post=993"}],"curies":[{"name":"wp","href":"https:\/\/api.w.org\/{rel}","templated":true}]}}