{"id":961,"date":"2020-06-27T18:18:46","date_gmt":"2020-06-27T18:18:46","guid":{"rendered":"http:\/\/osbrcanskamalta.com.ba\/?p=961"},"modified":"2020-09-28T18:41:57","modified_gmt":"2020-09-28T18:41:57","slug":"%ef%bb%bfpomaze-li-nase-drustvo-migrantima-u-bih-ili-ih-odbacuje","status":"publish","type":"post","link":"https:\/\/osbrcanskamalta.com.ba\/?p=961","title":{"rendered":"\ufeffPoma\u017ee li na\u0161e dru\u0161tvo migrantima u BiH ili ih odbacuje?"},"content":{"rendered":"\n<p><strong>Da li na\u0161e dru\u0161tvo migrantima u BiH poma\u017ee ili ih odbacuje? O\u0160 &#8220;Br\u010danska Malta&#8221; pokrenula je diskusiju u okviru Etos Inicijative.<\/strong><\/p>\n\n\n\n<p>Za migrante u Bosni i Hercegovini jo\u0161 uvijek nema adekvatnog rje\u0161enja. Bez li\u010dnih dokumenata i mogu\u0107nosti da nastave put preko granica ostavljeni su da lutaju u tu\u0111oj zemlji i pre\u017eivljavaju na vodi i hrani volontera. <\/p>\n\n\n\n<p>Kako pristupiti\novom problemu? Koja su idejna rje\u0161enja?<\/p>\n\n\n\n<p>Bila je to tema diskusije u kojoj su ovih dana u\u010destvovali u\u010denici IV razreda O\u0160 &#8220;Br\u010danske Malte&#8221; povodom obilje\u017eavanja Dana Evrope.<\/p>\n\n\n\n<p>Na pitanje kakav je njihov stav o migrantima u BiH slo\u017eili su se da se nalaze u izrazito lo\u0161em polo\u017eaju i da im je potrebna pomo\u0107.<\/p>\n\n\n\n<p>&#8220;Svi smo mi\njednaki i svakome je potreban dom&#8221;, istaknula je Tajra &#8211; u\u010denica ove\n\u0161kole, a njenu konstataciju podr\u017eali su i ostali u\u010desnici diskusije. <\/p>\n\n\n\n<p>U prilogu mo\u017eete\npogledati neke od fotografija koje su u\u010denici napravili tokom u\u010destvovanja u\naktivnosti. <\/p>\n\n\n\n<p>Diskusiju je vodila prof. Sadina Pa\u010dariz uz koordinaciju prof. Munevere Rahmanovi\u0107 &#8211; Hrbat, a realizovana je kao dio projekta Etos Inicijative koju provodi TPO Fondacija iz Sarajeva.<\/p>\n\n\n\n<figure class=\"wp-block-gallery columns-3 is-cropped wp-block-gallery-1 is-layout-flex wp-block-gallery-is-layout-flex\"><ul class=\"blocks-gallery-grid\"><li class=\"blocks-gallery-item\"><figure><img loading=\"lazy\" decoding=\"async\" width=\"720\" height=\"960\" src=\"http:\/\/osbrcanskamalta.com.ba\/wp-content\/uploads\/2020\/08\/106170168_272239220775559_6596084033704582429_n.jpg\" alt=\"\" data-id=\"965\" data-link=\"http:\/\/osbrcanskamalta.com.ba\/?attachment_id=965\" class=\"wp-image-965\" srcset=\"https:\/\/osbrcanskamalta.com.ba\/wp-content\/uploads\/2020\/08\/106170168_272239220775559_6596084033704582429_n.jpg 720w, https:\/\/osbrcanskamalta.com.ba\/wp-content\/uploads\/2020\/08\/106170168_272239220775559_6596084033704582429_n-225x300.jpg 225w\" sizes=\"auto, (max-width: 720px) 100vw, 720px\" \/><\/figure><\/li><li class=\"blocks-gallery-item\"><figure><img loading=\"lazy\" decoding=\"async\" width=\"540\" height=\"960\" src=\"http:\/\/osbrcanskamalta.com.ba\/wp-content\/uploads\/2020\/08\/106130690_696225870937957_2763032064313924447_n.jpg\" alt=\"\" data-id=\"964\" data-link=\"http:\/\/osbrcanskamalta.com.ba\/?attachment_id=964\" class=\"wp-image-964\" srcset=\"https:\/\/osbrcanskamalta.com.ba\/wp-content\/uploads\/2020\/08\/106130690_696225870937957_2763032064313924447_n.jpg 540w, https:\/\/osbrcanskamalta.com.ba\/wp-content\/uploads\/2020\/08\/106130690_696225870937957_2763032064313924447_n-169x300.jpg 169w\" sizes=\"auto, (max-width: 540px) 100vw, 540px\" \/><\/figure><\/li><li class=\"blocks-gallery-item\"><figure><img loading=\"lazy\" decoding=\"async\" width=\"720\" height=\"960\" src=\"http:\/\/osbrcanskamalta.com.ba\/wp-content\/uploads\/2020\/08\/106361062_1525053564339940_8419308091752531609_n.jpg\" alt=\"\" data-id=\"963\" data-link=\"http:\/\/osbrcanskamalta.com.ba\/?attachment_id=963\" class=\"wp-image-963\" srcset=\"https:\/\/osbrcanskamalta.com.ba\/wp-content\/uploads\/2020\/08\/106361062_1525053564339940_8419308091752531609_n.jpg 720w, https:\/\/osbrcanskamalta.com.ba\/wp-content\/uploads\/2020\/08\/106361062_1525053564339940_8419308091752531609_n-225x300.jpg 225w\" sizes=\"auto, (max-width: 720px) 100vw, 720px\" \/><\/figure><\/li><li class=\"blocks-gallery-item\"><figure><img loading=\"lazy\" decoding=\"async\" width=\"796\" height=\"960\" src=\"http:\/\/osbrcanskamalta.com.ba\/wp-content\/uploads\/2020\/08\/106153908_268063727867301_4688407630744263974_n.jpg\" alt=\"\" data-id=\"962\" data-link=\"http:\/\/osbrcanskamalta.com.ba\/?attachment_id=962\" class=\"wp-image-962\" srcset=\"https:\/\/osbrcanskamalta.com.ba\/wp-content\/uploads\/2020\/08\/106153908_268063727867301_4688407630744263974_n.jpg 796w, https:\/\/osbrcanskamalta.com.ba\/wp-content\/uploads\/2020\/08\/106153908_268063727867301_4688407630744263974_n-249x300.jpg 249w, https:\/\/osbrcanskamalta.com.ba\/wp-content\/uploads\/2020\/08\/106153908_268063727867301_4688407630744263974_n-768x926.jpg 768w\" sizes=\"auto, (max-width: 796px) 100vw, 796px\" \/><\/figure><\/li><\/ul><\/figure>\n","protected":false},"excerpt":{"rendered":"<p>Da li na\u0161e dru\u0161tvo migrantima u BiH poma\u017ee ili ih odbacuje? O\u0160 &#8220;Br\u010danska Malta&#8221; pokrenula je diskusiju u okviru Etos &hellip; <\/p>\n","protected":false},"author":1,"featured_media":0,"comment_status":"closed","ping_status":"closed","sticky":false,"template":"","format":"standard","meta":{"footnotes":""},"categories":[12],"tags":[],"class_list":["post-961","post","type-post","status-publish","format-standard","hentry","category-etos-inicijativa"],"yoast_head":"<!-- This site is optimized with the Yoast SEO plugin v19.13 - https:\/\/yoast.com\/wordpress\/plugins\/seo\/ -->\n<title>\ufeffPoma\u017ee li na\u0161e dru\u0161tvo migrantima u BiH ili ih odbacuje? - O\u0160 &quot;Br\u010danska Malta&quot;<\/title>\n<meta name=\"robots\" content=\"index, follow, max-snippet:-1, max-image-preview:large, max-video-preview:-1\" \/>\n<link rel=\"canonical\" href=\"https:\/\/osbrcanskamalta.com.ba\/?p=961\" \/>\n<meta property=\"og:locale\" content=\"en_US\" \/>\n<meta property=\"og:type\" content=\"article\" \/>\n<meta property=\"og:title\" content=\"\ufeffPoma\u017ee li na\u0161e dru\u0161tvo migrantima u BiH ili ih odbacuje? - O\u0160 &quot;Br\u010danska Malta&quot;\" \/>\n<meta property=\"og:description\" content=\"Da li na\u0161e dru\u0161tvo migrantima u BiH poma\u017ee ili ih odbacuje? O\u0160 &#8220;Br\u010danska Malta&#8221; pokrenula je diskusiju u okviru Etos &hellip;\" \/>\n<meta property=\"og:url\" content=\"https:\/\/osbrcanskamalta.com.ba\/?p=961\" \/>\n<meta property=\"og:site_name\" content=\"O\u0160 &quot;Br\u010danska Malta&quot;\" \/>\n<meta property=\"article:published_time\" content=\"2020-06-27T18:18:46+00:00\" \/>\n<meta property=\"article:modified_time\" content=\"2020-09-28T18:41:57+00:00\" \/>\n<meta property=\"og:image\" content=\"http:\/\/osbrcanskamalta.com.ba\/wp-content\/uploads\/2020\/08\/106170168_272239220775559_6596084033704582429_n.jpg\" \/>\n<meta name=\"twitter:card\" content=\"summary_large_image\" \/>\n<meta name=\"twitter:label1\" content=\"Written by\" \/>\n\t<meta name=\"twitter:data1\" content=\"\" \/>\n\t<meta name=\"twitter:label2\" content=\"Est. reading time\" \/>\n\t<meta name=\"twitter:data2\" content=\"1 minute\" \/>\n<script type=\"application\/ld+json\" class=\"yoast-schema-graph\">{\"@context\":\"https:\/\/schema.org\",\"@graph\":[{\"@type\":\"Article\",\"@id\":\"https:\/\/osbrcanskamalta.com.ba\/?p=961#article\",\"isPartOf\":{\"@id\":\"https:\/\/osbrcanskamalta.com.ba\/?p=961\"},\"author\":{\"name\":\"\",\"@id\":\"\"},\"headline\":\"\ufeffPoma\u017ee li na\u0161e dru\u0161tvo migrantima u BiH ili ih odbacuje?\",\"datePublished\":\"2020-06-27T18:18:46+00:00\",\"dateModified\":\"2020-09-28T18:41:57+00:00\",\"mainEntityOfPage\":{\"@id\":\"https:\/\/osbrcanskamalta.com.ba\/?p=961\"},\"wordCount\":215,\"publisher\":{\"@id\":\"https:\/\/osbrcanskamalta.com.ba\/#organization\"},\"articleSection\":[\"ETOS inicijativa\"],\"inLanguage\":\"en-US\"},{\"@type\":\"WebPage\",\"@id\":\"https:\/\/osbrcanskamalta.com.ba\/?p=961\",\"url\":\"https:\/\/osbrcanskamalta.com.ba\/?p=961\",\"name\":\"\ufeffPoma\u017ee li na\u0161e dru\u0161tvo migrantima u BiH ili ih odbacuje? - O\u0160 &quot;Br\u010danska Malta&quot;\",\"isPartOf\":{\"@id\":\"https:\/\/osbrcanskamalta.com.ba\/#website\"},\"datePublished\":\"2020-06-27T18:18:46+00:00\",\"dateModified\":\"2020-09-28T18:41:57+00:00\",\"breadcrumb\":{\"@id\":\"https:\/\/osbrcanskamalta.com.ba\/?p=961#breadcrumb\"},\"inLanguage\":\"en-US\",\"potentialAction\":[{\"@type\":\"ReadAction\",\"target\":[\"https:\/\/osbrcanskamalta.com.ba\/?p=961\"]}]},{\"@type\":\"BreadcrumbList\",\"@id\":\"https:\/\/osbrcanskamalta.com.ba\/?p=961#breadcrumb\",\"itemListElement\":[{\"@type\":\"ListItem\",\"position\":1,\"name\":\"Home\",\"item\":\"https:\/\/osbrcanskamalta.com.ba\/\"},{\"@type\":\"ListItem\",\"position\":2,\"name\":\"\ufeffPoma\u017ee li na\u0161e dru\u0161tvo migrantima u BiH ili ih odbacuje?\"}]},{\"@type\":\"WebSite\",\"@id\":\"https:\/\/osbrcanskamalta.com.ba\/#website\",\"url\":\"https:\/\/osbrcanskamalta.com.ba\/\",\"name\":\"O\u0160 &quot;Br\u010danska Malta&quot;\",\"description\":\"Miroslava Krle\u017ee 27, Tuzla\",\"publisher\":{\"@id\":\"https:\/\/osbrcanskamalta.com.ba\/#organization\"},\"potentialAction\":[{\"@type\":\"SearchAction\",\"target\":{\"@type\":\"EntryPoint\",\"urlTemplate\":\"https:\/\/osbrcanskamalta.com.ba\/?s={search_term_string}\"},\"query-input\":\"required name=search_term_string\"}],\"inLanguage\":\"en-US\"},{\"@type\":\"Organization\",\"@id\":\"https:\/\/osbrcanskamalta.com.ba\/#organization\",\"name\":\"O\u0160 &quot;Br\u010danska Malta&quot;\",\"url\":\"https:\/\/osbrcanskamalta.com.ba\/\",\"logo\":{\"@type\":\"ImageObject\",\"inLanguage\":\"en-US\",\"@id\":\"https:\/\/osbrcanskamalta.com.ba\/#\/schema\/logo\/image\/\",\"url\":\"https:\/\/osbrcanskamalta.com.ba\/wp-content\/uploads\/2023\/01\/cropped-grb2.jpg\",\"contentUrl\":\"https:\/\/osbrcanskamalta.com.ba\/wp-content\/uploads\/2023\/01\/cropped-grb2.jpg\",\"width\":311,\"height\":400,\"caption\":\"O\u0160 &quot;Br\u010danska Malta&quot;\"},\"image\":{\"@id\":\"https:\/\/osbrcanskamalta.com.ba\/#\/schema\/logo\/image\/\"}},{\"@type\":\"Person\",\"@id\":\"\",\"url\":\"https:\/\/osbrcanskamalta.com.ba\/?author=1\"}]}<\/script>\n<!-- \/ Yoast SEO plugin. -->","yoast_head_json":{"title":"\ufeffPoma\u017ee li na\u0161e dru\u0161tvo migrantima u BiH ili ih odbacuje? - O\u0160 &quot;Br\u010danska Malta&quot;","robots":{"index":"index","follow":"follow","max-snippet":"max-snippet:-1","max-image-preview":"max-image-preview:large","max-video-preview":"max-video-preview:-1"},"canonical":"https:\/\/osbrcanskamalta.com.ba\/?p=961","og_locale":"en_US","og_type":"article","og_title":"\ufeffPoma\u017ee li na\u0161e dru\u0161tvo migrantima u BiH ili ih odbacuje? - O\u0160 &quot;Br\u010danska Malta&quot;","og_description":"Da li na\u0161e dru\u0161tvo migrantima u BiH poma\u017ee ili ih odbacuje? O\u0160 &#8220;Br\u010danska Malta&#8221; pokrenula je diskusiju u okviru Etos &hellip;","og_url":"https:\/\/osbrcanskamalta.com.ba\/?p=961","og_site_name":"O\u0160 &quot;Br\u010danska Malta&quot;","article_published_time":"2020-06-27T18:18:46+00:00","article_modified_time":"2020-09-28T18:41:57+00:00","og_image":[{"url":"http:\/\/osbrcanskamalta.com.ba\/wp-content\/uploads\/2020\/08\/106170168_272239220775559_6596084033704582429_n.jpg"}],"twitter_card":"summary_large_image","twitter_misc":{"Written by":"","Est. reading time":"1 minute"},"schema":{"@context":"https:\/\/schema.org","@graph":[{"@type":"Article","@id":"https:\/\/osbrcanskamalta.com.ba\/?p=961#article","isPartOf":{"@id":"https:\/\/osbrcanskamalta.com.ba\/?p=961"},"author":{"name":"","@id":""},"headline":"\ufeffPoma\u017ee li na\u0161e dru\u0161tvo migrantima u BiH ili ih odbacuje?","datePublished":"2020-06-27T18:18:46+00:00","dateModified":"2020-09-28T18:41:57+00:00","mainEntityOfPage":{"@id":"https:\/\/osbrcanskamalta.com.ba\/?p=961"},"wordCount":215,"publisher":{"@id":"https:\/\/osbrcanskamalta.com.ba\/#organization"},"articleSection":["ETOS inicijativa"],"inLanguage":"en-US"},{"@type":"WebPage","@id":"https:\/\/osbrcanskamalta.com.ba\/?p=961","url":"https:\/\/osbrcanskamalta.com.ba\/?p=961","name":"\ufeffPoma\u017ee li na\u0161e dru\u0161tvo migrantima u BiH ili ih odbacuje? - O\u0160 &quot;Br\u010danska Malta&quot;","isPartOf":{"@id":"https:\/\/osbrcanskamalta.com.ba\/#website"},"datePublished":"2020-06-27T18:18:46+00:00","dateModified":"2020-09-28T18:41:57+00:00","breadcrumb":{"@id":"https:\/\/osbrcanskamalta.com.ba\/?p=961#breadcrumb"},"inLanguage":"en-US","potentialAction":[{"@type":"ReadAction","target":["https:\/\/osbrcanskamalta.com.ba\/?p=961"]}]},{"@type":"BreadcrumbList","@id":"https:\/\/osbrcanskamalta.com.ba\/?p=961#breadcrumb","itemListElement":[{"@type":"ListItem","position":1,"name":"Home","item":"https:\/\/osbrcanskamalta.com.ba\/"},{"@type":"ListItem","position":2,"name":"\ufeffPoma\u017ee li na\u0161e dru\u0161tvo migrantima u BiH ili ih odbacuje?"}]},{"@type":"WebSite","@id":"https:\/\/osbrcanskamalta.com.ba\/#website","url":"https:\/\/osbrcanskamalta.com.ba\/","name":"O\u0160 &quot;Br\u010danska Malta&quot;","description":"Miroslava Krle\u017ee 27, Tuzla","publisher":{"@id":"https:\/\/osbrcanskamalta.com.ba\/#organization"},"potentialAction":[{"@type":"SearchAction","target":{"@type":"EntryPoint","urlTemplate":"https:\/\/osbrcanskamalta.com.ba\/?s={search_term_string}"},"query-input":"required name=search_term_string"}],"inLanguage":"en-US"},{"@type":"Organization","@id":"https:\/\/osbrcanskamalta.com.ba\/#organization","name":"O\u0160 &quot;Br\u010danska Malta&quot;","url":"https:\/\/osbrcanskamalta.com.ba\/","logo":{"@type":"ImageObject","inLanguage":"en-US","@id":"https:\/\/osbrcanskamalta.com.ba\/#\/schema\/logo\/image\/","url":"https:\/\/osbrcanskamalta.com.ba\/wp-content\/uploads\/2023\/01\/cropped-grb2.jpg","contentUrl":"https:\/\/osbrcanskamalta.com.ba\/wp-content\/uploads\/2023\/01\/cropped-grb2.jpg","width":311,"height":400,"caption":"O\u0160 &quot;Br\u010danska Malta&quot;"},"image":{"@id":"https:\/\/osbrcanskamalta.com.ba\/#\/schema\/logo\/image\/"}},{"@type":"Person","@id":"","url":"https:\/\/osbrcanskamalta.com.ba\/?author=1"}]}},"_links":{"self":[{"href":"https:\/\/osbrcanskamalta.com.ba\/index.php?rest_route=\/wp\/v2\/posts\/961","targetHints":{"allow":["GET"]}}],"collection":[{"href":"https:\/\/osbrcanskamalta.com.ba\/index.php?rest_route=\/wp\/v2\/posts"}],"about":[{"href":"https:\/\/osbrcanskamalta.com.ba\/index.php?rest_route=\/wp\/v2\/types\/post"}],"author":[{"embeddable":true,"href":"https:\/\/osbrcanskamalta.com.ba\/index.php?rest_route=\/wp\/v2\/users\/1"}],"replies":[{"embeddable":true,"href":"https:\/\/osbrcanskamalta.com.ba\/index.php?rest_route=%2Fwp%2Fv2%2Fcomments&post=961"}],"version-history":[{"count":3,"href":"https:\/\/osbrcanskamalta.com.ba\/index.php?rest_route=\/wp\/v2\/posts\/961\/revisions"}],"predecessor-version":[{"id":992,"href":"https:\/\/osbrcanskamalta.com.ba\/index.php?rest_route=\/wp\/v2\/posts\/961\/revisions\/992"}],"wp:attachment":[{"href":"https:\/\/osbrcanskamalta.com.ba\/index.php?rest_route=%2Fwp%2Fv2%2Fmedia&parent=961"}],"wp:term":[{"taxonomy":"category","embeddable":true,"href":"https:\/\/osbrcanskamalta.com.ba\/index.php?rest_route=%2Fwp%2Fv2%2Fcategories&post=961"},{"taxonomy":"post_tag","embeddable":true,"href":"https:\/\/osbrcanskamalta.com.ba\/index.php?rest_route=%2Fwp%2Fv2%2Ftags&post=961"}],"curies":[{"name":"wp","href":"https:\/\/api.w.org\/{rel}","templated":true}]}}