{"id":893,"date":"2019-12-10T22:46:27","date_gmt":"2019-12-10T22:46:27","guid":{"rendered":"http:\/\/osbrcanskamalta.com.ba\/?p=893"},"modified":"2019-12-18T22:59:39","modified_gmt":"2019-12-18T22:59:39","slug":"16-dana-aktivizma","status":"publish","type":"post","link":"https:\/\/osbrcanskamalta.com.ba\/?p=893","title":{"rendered":"&#8220;16 dana aktivizma&#8221;"},"content":{"rendered":"<p>O\u0160 &#8220;Br\u010danska Malta&#8221; realizovala je u okviru kampanje TPO Fondacije &#8220;16 dana aktivizma&#8221; radionicu na temu zahvalnosti, a k tome i radionicu o AIDS-u. Radionicu o AIDS-u, odr\u017eanu u \u010detvrtak 27.11., vodile su profesorica Almira Be\u0107irovi\u0107 i pedagoginja \u0161kole Mevlida Nurkanovi\u0107. U\u010denici 7. razreda imali su priliku da se na ovoj radionici informi\u0161u o spolno prenosivim bolestima i na\u010dinima prevencije. Nakon ove radionice, u ponedjeljak 02.12., realizovana je i radionica na temu zahvalnosti, koju su vodile prof. Ahmedina Purkovi\u0107 i prof. Munevera Rahmanovi\u0107 &#8211; Hrbat. U\u010denici su na ovoj radionici pisali na razglednicama poruke zahvalnosti i ljubavi, koje su potom stavljali u ku\u0107icu koju je poklonila TPO Fondacija. Ku\u0107ica sa razglednicama i dje\u010dijim porukama zahvalnosti postavljena je u u\u010dionicu, gdje u\u010denici mogu &#8211; kada po\u017eele ili za tim osjete potrebu &#8211; \u010ditati napisane poruke. Na taj na\u010din, me\u0111u u\u010denicima \u0107e kru\u017eiti poruke mira i podsje\u0107ati na va\u017enost zahvalnosti, ne samo prema na\u0161im najbli\u017eima, nego i dru\u0161tvu i prirodi u cjelini.<\/p>\n<p>Na protekloj radionici, odr\u017eanoj u ponedjeljak 09.12.2019., prof. Lejla \u0160abanovi\u0107 je u\u010denicima 8. razreda pribli\u017eila pojam ljudskih prava. Ovom prilikom, u\u010denici su aktivno u\u010destvovali u diskusiji o pravima i (ne)pridr\u017eavanju konvencije kojom se \u0161tite ljudska prava i temeljne slobode, te posljedicama i sankcijama koje mogu uslijediti usred nepo\u0161tivanja iste.<\/p>\n<p>Afi\u0161om aktivnosti zaokru\u017eeno je u\u010de\u0161\u0107e u kampanji, a kratak pregled realizovanih i radionica planiranih za naredni period, predstavio je prof. D\u017eevad Avdi\u0107 projektovanom prezentacijom u holu \u0161kole.<\/p>\n<p><img loading=\"lazy\" decoding=\"async\" class=\"alignnone size-medium wp-image-896\" src=\"http:\/\/osbrcanskamalta.com.ba\/wp-content\/uploads\/2019\/12\/79376262_476651496298515_9096938864064331776_n-300x169.jpg\" alt=\"\" width=\"300\" height=\"169\" srcset=\"https:\/\/osbrcanskamalta.com.ba\/wp-content\/uploads\/2019\/12\/79376262_476651496298515_9096938864064331776_n-300x169.jpg 300w, https:\/\/osbrcanskamalta.com.ba\/wp-content\/uploads\/2019\/12\/79376262_476651496298515_9096938864064331776_n-768x433.jpg 768w, https:\/\/osbrcanskamalta.com.ba\/wp-content\/uploads\/2019\/12\/79376262_476651496298515_9096938864064331776_n-1024x577.jpg 1024w, https:\/\/osbrcanskamalta.com.ba\/wp-content\/uploads\/2019\/12\/79376262_476651496298515_9096938864064331776_n.jpg 2040w\" sizes=\"auto, (max-width: 300px) 100vw, 300px\" \/> <img loading=\"lazy\" decoding=\"async\" class=\"alignnone size-medium wp-image-897\" src=\"http:\/\/osbrcanskamalta.com.ba\/wp-content\/uploads\/2019\/12\/78475558_2363564617273888_2316460597866135552_n-300x169.jpg\" alt=\"\" width=\"300\" height=\"169\" srcset=\"https:\/\/osbrcanskamalta.com.ba\/wp-content\/uploads\/2019\/12\/78475558_2363564617273888_2316460597866135552_n-300x169.jpg 300w, https:\/\/osbrcanskamalta.com.ba\/wp-content\/uploads\/2019\/12\/78475558_2363564617273888_2316460597866135552_n-768x433.jpg 768w, https:\/\/osbrcanskamalta.com.ba\/wp-content\/uploads\/2019\/12\/78475558_2363564617273888_2316460597866135552_n-1024x577.jpg 1024w, https:\/\/osbrcanskamalta.com.ba\/wp-content\/uploads\/2019\/12\/78475558_2363564617273888_2316460597866135552_n.jpg 2040w\" sizes=\"auto, (max-width: 300px) 100vw, 300px\" \/> <img loading=\"lazy\" decoding=\"async\" class=\"alignnone size-medium wp-image-898\" src=\"http:\/\/osbrcanskamalta.com.ba\/wp-content\/uploads\/2019\/12\/78883966_439318160041707_9148944746150887424_n-300x169.jpg\" alt=\"\" width=\"300\" height=\"169\" srcset=\"https:\/\/osbrcanskamalta.com.ba\/wp-content\/uploads\/2019\/12\/78883966_439318160041707_9148944746150887424_n-300x169.jpg 300w, https:\/\/osbrcanskamalta.com.ba\/wp-content\/uploads\/2019\/12\/78883966_439318160041707_9148944746150887424_n-768x433.jpg 768w, https:\/\/osbrcanskamalta.com.ba\/wp-content\/uploads\/2019\/12\/78883966_439318160041707_9148944746150887424_n-1024x577.jpg 1024w\" sizes=\"auto, (max-width: 300px) 100vw, 300px\" \/><\/p>\n<p><img loading=\"lazy\" decoding=\"async\" class=\"alignnone size-medium wp-image-895\" src=\"http:\/\/osbrcanskamalta.com.ba\/wp-content\/uploads\/2019\/12\/78547030_537469276984746_6631435797151088640_n-300x169.jpg\" alt=\"\" width=\"300\" height=\"169\" srcset=\"https:\/\/osbrcanskamalta.com.ba\/wp-content\/uploads\/2019\/12\/78547030_537469276984746_6631435797151088640_n-300x169.jpg 300w, https:\/\/osbrcanskamalta.com.ba\/wp-content\/uploads\/2019\/12\/78547030_537469276984746_6631435797151088640_n-768x433.jpg 768w, https:\/\/osbrcanskamalta.com.ba\/wp-content\/uploads\/2019\/12\/78547030_537469276984746_6631435797151088640_n-1024x577.jpg 1024w\" sizes=\"auto, (max-width: 300px) 100vw, 300px\" \/> <img loading=\"lazy\" decoding=\"async\" class=\"alignnone size-medium wp-image-900\" src=\"http:\/\/osbrcanskamalta.com.ba\/wp-content\/uploads\/2019\/12\/78640646_667159563690758_3530680404002471936_n-300x169.jpg\" alt=\"\" width=\"300\" height=\"169\" srcset=\"https:\/\/osbrcanskamalta.com.ba\/wp-content\/uploads\/2019\/12\/78640646_667159563690758_3530680404002471936_n-300x169.jpg 300w, https:\/\/osbrcanskamalta.com.ba\/wp-content\/uploads\/2019\/12\/78640646_667159563690758_3530680404002471936_n-768x433.jpg 768w, https:\/\/osbrcanskamalta.com.ba\/wp-content\/uploads\/2019\/12\/78640646_667159563690758_3530680404002471936_n.jpg 851w\" sizes=\"auto, (max-width: 300px) 100vw, 300px\" \/><\/p>\n","protected":false},"excerpt":{"rendered":"<p>O\u0160 &#8220;Br\u010danska Malta&#8221; realizovala je u okviru kampanje TPO Fondacije &#8220;16 dana aktivizma&#8221; radionicu na temu zahvalnosti, a k tome &hellip; <\/p>\n","protected":false},"author":1,"featured_media":902,"comment_status":"closed","ping_status":"closed","sticky":false,"template":"","format":"standard","meta":{"footnotes":""},"categories":[15,12,27],"tags":[],"class_list":["post-893","post","type-post","status-publish","format-standard","has-post-thumbnail","hentry","category-aktivnosti","category-etos-inicijativa","category-projekti-u-skoli"],"yoast_head":"<!-- This site is optimized with the Yoast SEO plugin v19.13 - https:\/\/yoast.com\/wordpress\/plugins\/seo\/ -->\n<title>&quot;16 dana aktivizma&quot; - O\u0160 &quot;Br\u010danska Malta&quot;<\/title>\n<meta name=\"robots\" content=\"index, follow, max-snippet:-1, max-image-preview:large, max-video-preview:-1\" \/>\n<link rel=\"canonical\" href=\"https:\/\/osbrcanskamalta.com.ba\/?p=893\" \/>\n<meta property=\"og:locale\" content=\"en_US\" \/>\n<meta property=\"og:type\" content=\"article\" \/>\n<meta property=\"og:title\" content=\"&quot;16 dana aktivizma&quot; - O\u0160 &quot;Br\u010danska Malta&quot;\" \/>\n<meta property=\"og:description\" content=\"O\u0160 &#8220;Br\u010danska Malta&#8221; realizovala je u okviru kampanje TPO Fondacije &#8220;16 dana aktivizma&#8221; radionicu na temu zahvalnosti, a k tome &hellip;\" \/>\n<meta property=\"og:url\" content=\"https:\/\/osbrcanskamalta.com.ba\/?p=893\" \/>\n<meta property=\"og:site_name\" content=\"O\u0160 &quot;Br\u010danska Malta&quot;\" \/>\n<meta property=\"article:published_time\" content=\"2019-12-10T22:46:27+00:00\" \/>\n<meta property=\"article:modified_time\" content=\"2019-12-18T22:59:39+00:00\" \/>\n<meta name=\"twitter:card\" content=\"summary_large_image\" \/>\n<meta name=\"twitter:image\" content=\"https:\/\/osbrcanskamalta.com.ba\/wp-content\/uploads\/2019\/12\/79376262_476651496298515_9096938864064331776_n-300x169.jpg\" \/>\n<meta name=\"twitter:label1\" content=\"Written by\" \/>\n\t<meta name=\"twitter:data1\" content=\"\" \/>\n\t<meta name=\"twitter:label2\" content=\"Est. reading time\" \/>\n\t<meta name=\"twitter:data2\" content=\"1 minute\" \/>\n<script type=\"application\/ld+json\" class=\"yoast-schema-graph\">{\"@context\":\"https:\/\/schema.org\",\"@graph\":[{\"@type\":\"Article\",\"@id\":\"https:\/\/osbrcanskamalta.com.ba\/?p=893#article\",\"isPartOf\":{\"@id\":\"https:\/\/osbrcanskamalta.com.ba\/?p=893\"},\"author\":{\"name\":\"\",\"@id\":\"\"},\"headline\":\"&#8220;16 dana aktivizma&#8221;\",\"datePublished\":\"2019-12-10T22:46:27+00:00\",\"dateModified\":\"2019-12-18T22:59:39+00:00\",\"mainEntityOfPage\":{\"@id\":\"https:\/\/osbrcanskamalta.com.ba\/?p=893\"},\"wordCount\":267,\"publisher\":{\"@id\":\"https:\/\/osbrcanskamalta.com.ba\/#organization\"},\"articleSection\":[\"Aktivnosti\",\"ETOS inicijativa\",\"Projekti u \u0161koli\"],\"inLanguage\":\"en-US\"},{\"@type\":\"WebPage\",\"@id\":\"https:\/\/osbrcanskamalta.com.ba\/?p=893\",\"url\":\"https:\/\/osbrcanskamalta.com.ba\/?p=893\",\"name\":\"\\\"16 dana aktivizma\\\" - O\u0160 &quot;Br\u010danska Malta&quot;\",\"isPartOf\":{\"@id\":\"https:\/\/osbrcanskamalta.com.ba\/#website\"},\"datePublished\":\"2019-12-10T22:46:27+00:00\",\"dateModified\":\"2019-12-18T22:59:39+00:00\",\"breadcrumb\":{\"@id\":\"https:\/\/osbrcanskamalta.com.ba\/?p=893#breadcrumb\"},\"inLanguage\":\"en-US\",\"potentialAction\":[{\"@type\":\"ReadAction\",\"target\":[\"https:\/\/osbrcanskamalta.com.ba\/?p=893\"]}]},{\"@type\":\"BreadcrumbList\",\"@id\":\"https:\/\/osbrcanskamalta.com.ba\/?p=893#breadcrumb\",\"itemListElement\":[{\"@type\":\"ListItem\",\"position\":1,\"name\":\"Home\",\"item\":\"https:\/\/osbrcanskamalta.com.ba\/\"},{\"@type\":\"ListItem\",\"position\":2,\"name\":\"&#8220;16 dana aktivizma&#8221;\"}]},{\"@type\":\"WebSite\",\"@id\":\"https:\/\/osbrcanskamalta.com.ba\/#website\",\"url\":\"https:\/\/osbrcanskamalta.com.ba\/\",\"name\":\"O\u0160 &quot;Br\u010danska Malta&quot;\",\"description\":\"Miroslava Krle\u017ee 27, Tuzla\",\"publisher\":{\"@id\":\"https:\/\/osbrcanskamalta.com.ba\/#organization\"},\"potentialAction\":[{\"@type\":\"SearchAction\",\"target\":{\"@type\":\"EntryPoint\",\"urlTemplate\":\"https:\/\/osbrcanskamalta.com.ba\/?s={search_term_string}\"},\"query-input\":\"required name=search_term_string\"}],\"inLanguage\":\"en-US\"},{\"@type\":\"Organization\",\"@id\":\"https:\/\/osbrcanskamalta.com.ba\/#organization\",\"name\":\"O\u0160 &quot;Br\u010danska Malta&quot;\",\"url\":\"https:\/\/osbrcanskamalta.com.ba\/\",\"logo\":{\"@type\":\"ImageObject\",\"inLanguage\":\"en-US\",\"@id\":\"https:\/\/osbrcanskamalta.com.ba\/#\/schema\/logo\/image\/\",\"url\":\"https:\/\/osbrcanskamalta.com.ba\/wp-content\/uploads\/2023\/01\/cropped-grb2.jpg\",\"contentUrl\":\"https:\/\/osbrcanskamalta.com.ba\/wp-content\/uploads\/2023\/01\/cropped-grb2.jpg\",\"width\":311,\"height\":400,\"caption\":\"O\u0160 &quot;Br\u010danska Malta&quot;\"},\"image\":{\"@id\":\"https:\/\/osbrcanskamalta.com.ba\/#\/schema\/logo\/image\/\"}},{\"@type\":\"Person\",\"@id\":\"\",\"url\":\"https:\/\/osbrcanskamalta.com.ba\/?author=1\"}]}<\/script>\n<!-- \/ Yoast SEO plugin. -->","yoast_head_json":{"title":"\"16 dana aktivizma\" - O\u0160 &quot;Br\u010danska Malta&quot;","robots":{"index":"index","follow":"follow","max-snippet":"max-snippet:-1","max-image-preview":"max-image-preview:large","max-video-preview":"max-video-preview:-1"},"canonical":"https:\/\/osbrcanskamalta.com.ba\/?p=893","og_locale":"en_US","og_type":"article","og_title":"\"16 dana aktivizma\" - O\u0160 &quot;Br\u010danska Malta&quot;","og_description":"O\u0160 &#8220;Br\u010danska Malta&#8221; realizovala je u okviru kampanje TPO Fondacije &#8220;16 dana aktivizma&#8221; radionicu na temu zahvalnosti, a k tome &hellip;","og_url":"https:\/\/osbrcanskamalta.com.ba\/?p=893","og_site_name":"O\u0160 &quot;Br\u010danska Malta&quot;","article_published_time":"2019-12-10T22:46:27+00:00","article_modified_time":"2019-12-18T22:59:39+00:00","twitter_card":"summary_large_image","twitter_image":"https:\/\/osbrcanskamalta.com.ba\/wp-content\/uploads\/2019\/12\/79376262_476651496298515_9096938864064331776_n-300x169.jpg","twitter_misc":{"Written by":"","Est. reading time":"1 minute"},"schema":{"@context":"https:\/\/schema.org","@graph":[{"@type":"Article","@id":"https:\/\/osbrcanskamalta.com.ba\/?p=893#article","isPartOf":{"@id":"https:\/\/osbrcanskamalta.com.ba\/?p=893"},"author":{"name":"","@id":""},"headline":"&#8220;16 dana aktivizma&#8221;","datePublished":"2019-12-10T22:46:27+00:00","dateModified":"2019-12-18T22:59:39+00:00","mainEntityOfPage":{"@id":"https:\/\/osbrcanskamalta.com.ba\/?p=893"},"wordCount":267,"publisher":{"@id":"https:\/\/osbrcanskamalta.com.ba\/#organization"},"articleSection":["Aktivnosti","ETOS inicijativa","Projekti u \u0161koli"],"inLanguage":"en-US"},{"@type":"WebPage","@id":"https:\/\/osbrcanskamalta.com.ba\/?p=893","url":"https:\/\/osbrcanskamalta.com.ba\/?p=893","name":"\"16 dana aktivizma\" - O\u0160 &quot;Br\u010danska Malta&quot;","isPartOf":{"@id":"https:\/\/osbrcanskamalta.com.ba\/#website"},"datePublished":"2019-12-10T22:46:27+00:00","dateModified":"2019-12-18T22:59:39+00:00","breadcrumb":{"@id":"https:\/\/osbrcanskamalta.com.ba\/?p=893#breadcrumb"},"inLanguage":"en-US","potentialAction":[{"@type":"ReadAction","target":["https:\/\/osbrcanskamalta.com.ba\/?p=893"]}]},{"@type":"BreadcrumbList","@id":"https:\/\/osbrcanskamalta.com.ba\/?p=893#breadcrumb","itemListElement":[{"@type":"ListItem","position":1,"name":"Home","item":"https:\/\/osbrcanskamalta.com.ba\/"},{"@type":"ListItem","position":2,"name":"&#8220;16 dana aktivizma&#8221;"}]},{"@type":"WebSite","@id":"https:\/\/osbrcanskamalta.com.ba\/#website","url":"https:\/\/osbrcanskamalta.com.ba\/","name":"O\u0160 &quot;Br\u010danska Malta&quot;","description":"Miroslava Krle\u017ee 27, Tuzla","publisher":{"@id":"https:\/\/osbrcanskamalta.com.ba\/#organization"},"potentialAction":[{"@type":"SearchAction","target":{"@type":"EntryPoint","urlTemplate":"https:\/\/osbrcanskamalta.com.ba\/?s={search_term_string}"},"query-input":"required name=search_term_string"}],"inLanguage":"en-US"},{"@type":"Organization","@id":"https:\/\/osbrcanskamalta.com.ba\/#organization","name":"O\u0160 &quot;Br\u010danska Malta&quot;","url":"https:\/\/osbrcanskamalta.com.ba\/","logo":{"@type":"ImageObject","inLanguage":"en-US","@id":"https:\/\/osbrcanskamalta.com.ba\/#\/schema\/logo\/image\/","url":"https:\/\/osbrcanskamalta.com.ba\/wp-content\/uploads\/2023\/01\/cropped-grb2.jpg","contentUrl":"https:\/\/osbrcanskamalta.com.ba\/wp-content\/uploads\/2023\/01\/cropped-grb2.jpg","width":311,"height":400,"caption":"O\u0160 &quot;Br\u010danska Malta&quot;"},"image":{"@id":"https:\/\/osbrcanskamalta.com.ba\/#\/schema\/logo\/image\/"}},{"@type":"Person","@id":"","url":"https:\/\/osbrcanskamalta.com.ba\/?author=1"}]}},"_links":{"self":[{"href":"https:\/\/osbrcanskamalta.com.ba\/index.php?rest_route=\/wp\/v2\/posts\/893","targetHints":{"allow":["GET"]}}],"collection":[{"href":"https:\/\/osbrcanskamalta.com.ba\/index.php?rest_route=\/wp\/v2\/posts"}],"about":[{"href":"https:\/\/osbrcanskamalta.com.ba\/index.php?rest_route=\/wp\/v2\/types\/post"}],"author":[{"embeddable":true,"href":"https:\/\/osbrcanskamalta.com.ba\/index.php?rest_route=\/wp\/v2\/users\/1"}],"replies":[{"embeddable":true,"href":"https:\/\/osbrcanskamalta.com.ba\/index.php?rest_route=%2Fwp%2Fv2%2Fcomments&post=893"}],"version-history":[{"count":1,"href":"https:\/\/osbrcanskamalta.com.ba\/index.php?rest_route=\/wp\/v2\/posts\/893\/revisions"}],"predecessor-version":[{"id":901,"href":"https:\/\/osbrcanskamalta.com.ba\/index.php?rest_route=\/wp\/v2\/posts\/893\/revisions\/901"}],"wp:featuredmedia":[{"embeddable":true,"href":"https:\/\/osbrcanskamalta.com.ba\/index.php?rest_route=\/wp\/v2\/media\/902"}],"wp:attachment":[{"href":"https:\/\/osbrcanskamalta.com.ba\/index.php?rest_route=%2Fwp%2Fv2%2Fmedia&parent=893"}],"wp:term":[{"taxonomy":"category","embeddable":true,"href":"https:\/\/osbrcanskamalta.com.ba\/index.php?rest_route=%2Fwp%2Fv2%2Fcategories&post=893"},{"taxonomy":"post_tag","embeddable":true,"href":"https:\/\/osbrcanskamalta.com.ba\/index.php?rest_route=%2Fwp%2Fv2%2Ftags&post=893"}],"curies":[{"name":"wp","href":"https:\/\/api.w.org\/{rel}","templated":true}]}}