{"id":388,"date":"2017-12-17T18:04:22","date_gmt":"2017-12-17T18:04:22","guid":{"rendered":"http:\/\/osbrcanskamalta.com.ba\/?p=388"},"modified":"2018-10-31T18:08:25","modified_gmt":"2018-10-31T18:08:25","slug":"jezicko-knjizevna-olimpijada","status":"publish","type":"post","link":"https:\/\/osbrcanskamalta.com.ba\/?p=388","title":{"rendered":"Jezi\u010dko-knji\u017eevna olimpijada"},"content":{"rendered":"<p>U subotu 16.12.2017. godine je u Me\u0111unarodnoj osnovnoj \u0161koli u Tuzli odr\u017eana &#8220;Jezi\u010dko-knji\u017eevna olimpijada&#8221;- takmi\u010denje za u\u010denike osnovnih \u0161kola TK-a. Takmi\u010denje se odvijalo u tri kategorije: esej, debata i kratki film.<br \/>\nNa\u0161a \u0161kola je, pored \u0161kole doma\u0107ina, bila suorganizator ove zna\u010dajne manifestacije. Pored anga\u017emana na\u0161ih nastavnika i menad\u017ementa u pripremi i organizaciji ovog va\u017enog doga\u0111aja za promociju maternjeg jezika, na\u0161e nastavnice su<span class=\"text_exposed_show\">\u00a0uzele u\u010de\u0161\u0107e u komisijama za ocjenjivanje debatnih timova iz takmi\u010denja na temu: &#8220;Elektronsko ili tradicionalno \u010ditanje knjiga&#8221;.<br \/>\nNo, jo\u0161 je zna\u010dajnije da su na\u0161i u\u010denici uzeli u\u010de\u0161\u0107e u takmi\u010darskom dijelu, i to u sve tri kategorije iz kojih su se takmi\u010dili u\u010denici: esej, debata i kratki film.<br \/>\nPrijavili smo dva eseja koje su pisale na\u0161e u\u010denice Jelena Peji\u0107 i Irma Juki\u0107 i dostojno predstavile sebe i \u0161kolu.<br \/>\nZapa\u017een nastup imala je i na\u0161a debatna ekipa u sastavu: Iman Hurti\u0107, Amar Gale\u0161i\u0107, Fatima \u0160ahbegovi\u0107 i Ajla Kov\u010di\u0107.<br \/>\nPosebno predstavljanje u takmi\u010darskom dijelu imala je na\u0161a filmska ekipa: Jusuf Salkanovi\u0107, Aldin Bukvarevi\u0107, Tarik \u0110ozi\u0107, Malik Rami\u0107, Jelena Peji\u0107, Ema Kulugli\u0107 i Belma Zubovi\u0107.<br \/>\nSlogan i naziv filma na\u0161ih u\u010denika u takmi\u010darskom dijelu bio je &#8220;Jezik nas spaja, a ne razdvaja&#8221;. Film je, u veoma jakoj konkurenciji, osvojio odli\u010dno drugo mjesto. Mentor u\u010denicima je bila nastavnica Sabina Jogun\u010di\u0107.<br \/>\nTim za pripremu i organizaciju takmi\u010denja iz na\u0161e \u0161kole su \u010dinili: direktor Mirsudin Pa\u010dariz i nast.Sabina Jogun\u010di\u0107, a u komisijama su u\u010destvovale nastavnice: Safija Agi\u0107, Emina Hod\u017ei\u0107, Munevera Rahmanovi\u0107 Hrbat i Sabina Isabegovi\u0107.<br \/>\n\u010cestitamo svim na\u0161im u\u010denicima i nastavnicama na uspje\u0161nom predstavljanju \u0161kole.<\/span><\/p>\n<p><img loading=\"lazy\" decoding=\"async\" class=\"alignnone wp-image-389\" src=\"http:\/\/osbrcanskamalta.com.ba\/wp-content\/uploads\/2018\/10\/25352310_10155672735935667_1051296158255524706_o-300x201.jpg\" alt=\"\" width=\"510\" height=\"342\" srcset=\"https:\/\/osbrcanskamalta.com.ba\/wp-content\/uploads\/2018\/10\/25352310_10155672735935667_1051296158255524706_o-300x201.jpg 300w, https:\/\/osbrcanskamalta.com.ba\/wp-content\/uploads\/2018\/10\/25352310_10155672735935667_1051296158255524706_o-768x514.jpg 768w, https:\/\/osbrcanskamalta.com.ba\/wp-content\/uploads\/2018\/10\/25352310_10155672735935667_1051296158255524706_o-1024x685.jpg 1024w, https:\/\/osbrcanskamalta.com.ba\/wp-content\/uploads\/2018\/10\/25352310_10155672735935667_1051296158255524706_o.jpg 2048w\" sizes=\"auto, (max-width: 510px) 100vw, 510px\" \/><\/p>\n","protected":false},"excerpt":{"rendered":"<p>U subotu 16.12.2017. godine je u Me\u0111unarodnoj osnovnoj \u0161koli u Tuzli odr\u017eana &#8220;Jezi\u010dko-knji\u017eevna olimpijada&#8221;- takmi\u010denje za u\u010denike osnovnih \u0161kola TK-a. &hellip; <\/p>\n","protected":false},"author":1,"featured_media":0,"comment_status":"closed","ping_status":"closed","sticky":false,"template":"","format":"standard","meta":{"footnotes":""},"categories":[28],"tags":[],"class_list":["post-388","post","type-post","status-publish","format-standard","hentry","category-takmicenja"],"yoast_head":"<!-- This site is optimized with the Yoast SEO plugin v19.13 - https:\/\/yoast.com\/wordpress\/plugins\/seo\/ -->\n<title>Jezi\u010dko-knji\u017eevna olimpijada - O\u0160 &quot;Br\u010danska Malta&quot;<\/title>\n<meta name=\"robots\" content=\"index, follow, max-snippet:-1, max-image-preview:large, max-video-preview:-1\" \/>\n<link rel=\"canonical\" href=\"https:\/\/osbrcanskamalta.com.ba\/?p=388\" \/>\n<meta property=\"og:locale\" content=\"en_US\" \/>\n<meta property=\"og:type\" content=\"article\" \/>\n<meta property=\"og:title\" content=\"Jezi\u010dko-knji\u017eevna olimpijada - O\u0160 &quot;Br\u010danska Malta&quot;\" \/>\n<meta property=\"og:description\" content=\"U subotu 16.12.2017. godine je u Me\u0111unarodnoj osnovnoj \u0161koli u Tuzli odr\u017eana &#8220;Jezi\u010dko-knji\u017eevna olimpijada&#8221;- takmi\u010denje za u\u010denike osnovnih \u0161kola TK-a. &hellip;\" \/>\n<meta property=\"og:url\" content=\"https:\/\/osbrcanskamalta.com.ba\/?p=388\" \/>\n<meta property=\"og:site_name\" content=\"O\u0160 &quot;Br\u010danska Malta&quot;\" \/>\n<meta property=\"article:published_time\" content=\"2017-12-17T18:04:22+00:00\" \/>\n<meta property=\"article:modified_time\" content=\"2018-10-31T18:08:25+00:00\" \/>\n<meta property=\"og:image\" content=\"http:\/\/osbrcanskamalta.com.ba\/wp-content\/uploads\/2018\/10\/25352310_10155672735935667_1051296158255524706_o-300x201.jpg\" \/>\n<meta name=\"twitter:card\" content=\"summary_large_image\" \/>\n<meta name=\"twitter:label1\" content=\"Written by\" \/>\n\t<meta name=\"twitter:data1\" content=\"\" \/>\n\t<meta name=\"twitter:label2\" content=\"Est. reading time\" \/>\n\t<meta name=\"twitter:data2\" content=\"2 minutes\" \/>\n<script type=\"application\/ld+json\" class=\"yoast-schema-graph\">{\"@context\":\"https:\/\/schema.org\",\"@graph\":[{\"@type\":\"Article\",\"@id\":\"https:\/\/osbrcanskamalta.com.ba\/?p=388#article\",\"isPartOf\":{\"@id\":\"https:\/\/osbrcanskamalta.com.ba\/?p=388\"},\"author\":{\"name\":\"\",\"@id\":\"\"},\"headline\":\"Jezi\u010dko-knji\u017eevna olimpijada\",\"datePublished\":\"2017-12-17T18:04:22+00:00\",\"dateModified\":\"2018-10-31T18:08:25+00:00\",\"mainEntityOfPage\":{\"@id\":\"https:\/\/osbrcanskamalta.com.ba\/?p=388\"},\"wordCount\":305,\"publisher\":{\"@id\":\"https:\/\/osbrcanskamalta.com.ba\/#organization\"},\"articleSection\":[\"Takmi\u010denja\"],\"inLanguage\":\"en-US\"},{\"@type\":\"WebPage\",\"@id\":\"https:\/\/osbrcanskamalta.com.ba\/?p=388\",\"url\":\"https:\/\/osbrcanskamalta.com.ba\/?p=388\",\"name\":\"Jezi\u010dko-knji\u017eevna olimpijada - O\u0160 &quot;Br\u010danska Malta&quot;\",\"isPartOf\":{\"@id\":\"https:\/\/osbrcanskamalta.com.ba\/#website\"},\"datePublished\":\"2017-12-17T18:04:22+00:00\",\"dateModified\":\"2018-10-31T18:08:25+00:00\",\"breadcrumb\":{\"@id\":\"https:\/\/osbrcanskamalta.com.ba\/?p=388#breadcrumb\"},\"inLanguage\":\"en-US\",\"potentialAction\":[{\"@type\":\"ReadAction\",\"target\":[\"https:\/\/osbrcanskamalta.com.ba\/?p=388\"]}]},{\"@type\":\"BreadcrumbList\",\"@id\":\"https:\/\/osbrcanskamalta.com.ba\/?p=388#breadcrumb\",\"itemListElement\":[{\"@type\":\"ListItem\",\"position\":1,\"name\":\"Home\",\"item\":\"https:\/\/osbrcanskamalta.com.ba\/\"},{\"@type\":\"ListItem\",\"position\":2,\"name\":\"Jezi\u010dko-knji\u017eevna olimpijada\"}]},{\"@type\":\"WebSite\",\"@id\":\"https:\/\/osbrcanskamalta.com.ba\/#website\",\"url\":\"https:\/\/osbrcanskamalta.com.ba\/\",\"name\":\"O\u0160 &quot;Br\u010danska Malta&quot;\",\"description\":\"Miroslava Krle\u017ee 27, Tuzla\",\"publisher\":{\"@id\":\"https:\/\/osbrcanskamalta.com.ba\/#organization\"},\"potentialAction\":[{\"@type\":\"SearchAction\",\"target\":{\"@type\":\"EntryPoint\",\"urlTemplate\":\"https:\/\/osbrcanskamalta.com.ba\/?s={search_term_string}\"},\"query-input\":\"required name=search_term_string\"}],\"inLanguage\":\"en-US\"},{\"@type\":\"Organization\",\"@id\":\"https:\/\/osbrcanskamalta.com.ba\/#organization\",\"name\":\"O\u0160 &quot;Br\u010danska Malta&quot;\",\"url\":\"https:\/\/osbrcanskamalta.com.ba\/\",\"logo\":{\"@type\":\"ImageObject\",\"inLanguage\":\"en-US\",\"@id\":\"https:\/\/osbrcanskamalta.com.ba\/#\/schema\/logo\/image\/\",\"url\":\"https:\/\/osbrcanskamalta.com.ba\/wp-content\/uploads\/2023\/01\/cropped-grb2.jpg\",\"contentUrl\":\"https:\/\/osbrcanskamalta.com.ba\/wp-content\/uploads\/2023\/01\/cropped-grb2.jpg\",\"width\":311,\"height\":400,\"caption\":\"O\u0160 &quot;Br\u010danska Malta&quot;\"},\"image\":{\"@id\":\"https:\/\/osbrcanskamalta.com.ba\/#\/schema\/logo\/image\/\"}},{\"@type\":\"Person\",\"@id\":\"\",\"url\":\"https:\/\/osbrcanskamalta.com.ba\/?author=1\"}]}<\/script>\n<!-- \/ Yoast SEO plugin. -->","yoast_head_json":{"title":"Jezi\u010dko-knji\u017eevna olimpijada - O\u0160 &quot;Br\u010danska Malta&quot;","robots":{"index":"index","follow":"follow","max-snippet":"max-snippet:-1","max-image-preview":"max-image-preview:large","max-video-preview":"max-video-preview:-1"},"canonical":"https:\/\/osbrcanskamalta.com.ba\/?p=388","og_locale":"en_US","og_type":"article","og_title":"Jezi\u010dko-knji\u017eevna olimpijada - O\u0160 &quot;Br\u010danska Malta&quot;","og_description":"U subotu 16.12.2017. godine je u Me\u0111unarodnoj osnovnoj \u0161koli u Tuzli odr\u017eana &#8220;Jezi\u010dko-knji\u017eevna olimpijada&#8221;- takmi\u010denje za u\u010denike osnovnih \u0161kola TK-a. &hellip;","og_url":"https:\/\/osbrcanskamalta.com.ba\/?p=388","og_site_name":"O\u0160 &quot;Br\u010danska Malta&quot;","article_published_time":"2017-12-17T18:04:22+00:00","article_modified_time":"2018-10-31T18:08:25+00:00","og_image":[{"url":"http:\/\/osbrcanskamalta.com.ba\/wp-content\/uploads\/2018\/10\/25352310_10155672735935667_1051296158255524706_o-300x201.jpg"}],"twitter_card":"summary_large_image","twitter_misc":{"Written by":"","Est. reading time":"2 minutes"},"schema":{"@context":"https:\/\/schema.org","@graph":[{"@type":"Article","@id":"https:\/\/osbrcanskamalta.com.ba\/?p=388#article","isPartOf":{"@id":"https:\/\/osbrcanskamalta.com.ba\/?p=388"},"author":{"name":"","@id":""},"headline":"Jezi\u010dko-knji\u017eevna olimpijada","datePublished":"2017-12-17T18:04:22+00:00","dateModified":"2018-10-31T18:08:25+00:00","mainEntityOfPage":{"@id":"https:\/\/osbrcanskamalta.com.ba\/?p=388"},"wordCount":305,"publisher":{"@id":"https:\/\/osbrcanskamalta.com.ba\/#organization"},"articleSection":["Takmi\u010denja"],"inLanguage":"en-US"},{"@type":"WebPage","@id":"https:\/\/osbrcanskamalta.com.ba\/?p=388","url":"https:\/\/osbrcanskamalta.com.ba\/?p=388","name":"Jezi\u010dko-knji\u017eevna olimpijada - O\u0160 &quot;Br\u010danska Malta&quot;","isPartOf":{"@id":"https:\/\/osbrcanskamalta.com.ba\/#website"},"datePublished":"2017-12-17T18:04:22+00:00","dateModified":"2018-10-31T18:08:25+00:00","breadcrumb":{"@id":"https:\/\/osbrcanskamalta.com.ba\/?p=388#breadcrumb"},"inLanguage":"en-US","potentialAction":[{"@type":"ReadAction","target":["https:\/\/osbrcanskamalta.com.ba\/?p=388"]}]},{"@type":"BreadcrumbList","@id":"https:\/\/osbrcanskamalta.com.ba\/?p=388#breadcrumb","itemListElement":[{"@type":"ListItem","position":1,"name":"Home","item":"https:\/\/osbrcanskamalta.com.ba\/"},{"@type":"ListItem","position":2,"name":"Jezi\u010dko-knji\u017eevna olimpijada"}]},{"@type":"WebSite","@id":"https:\/\/osbrcanskamalta.com.ba\/#website","url":"https:\/\/osbrcanskamalta.com.ba\/","name":"O\u0160 &quot;Br\u010danska Malta&quot;","description":"Miroslava Krle\u017ee 27, Tuzla","publisher":{"@id":"https:\/\/osbrcanskamalta.com.ba\/#organization"},"potentialAction":[{"@type":"SearchAction","target":{"@type":"EntryPoint","urlTemplate":"https:\/\/osbrcanskamalta.com.ba\/?s={search_term_string}"},"query-input":"required name=search_term_string"}],"inLanguage":"en-US"},{"@type":"Organization","@id":"https:\/\/osbrcanskamalta.com.ba\/#organization","name":"O\u0160 &quot;Br\u010danska Malta&quot;","url":"https:\/\/osbrcanskamalta.com.ba\/","logo":{"@type":"ImageObject","inLanguage":"en-US","@id":"https:\/\/osbrcanskamalta.com.ba\/#\/schema\/logo\/image\/","url":"https:\/\/osbrcanskamalta.com.ba\/wp-content\/uploads\/2023\/01\/cropped-grb2.jpg","contentUrl":"https:\/\/osbrcanskamalta.com.ba\/wp-content\/uploads\/2023\/01\/cropped-grb2.jpg","width":311,"height":400,"caption":"O\u0160 &quot;Br\u010danska Malta&quot;"},"image":{"@id":"https:\/\/osbrcanskamalta.com.ba\/#\/schema\/logo\/image\/"}},{"@type":"Person","@id":"","url":"https:\/\/osbrcanskamalta.com.ba\/?author=1"}]}},"_links":{"self":[{"href":"https:\/\/osbrcanskamalta.com.ba\/index.php?rest_route=\/wp\/v2\/posts\/388","targetHints":{"allow":["GET"]}}],"collection":[{"href":"https:\/\/osbrcanskamalta.com.ba\/index.php?rest_route=\/wp\/v2\/posts"}],"about":[{"href":"https:\/\/osbrcanskamalta.com.ba\/index.php?rest_route=\/wp\/v2\/types\/post"}],"author":[{"embeddable":true,"href":"https:\/\/osbrcanskamalta.com.ba\/index.php?rest_route=\/wp\/v2\/users\/1"}],"replies":[{"embeddable":true,"href":"https:\/\/osbrcanskamalta.com.ba\/index.php?rest_route=%2Fwp%2Fv2%2Fcomments&post=388"}],"version-history":[{"count":1,"href":"https:\/\/osbrcanskamalta.com.ba\/index.php?rest_route=\/wp\/v2\/posts\/388\/revisions"}],"predecessor-version":[{"id":390,"href":"https:\/\/osbrcanskamalta.com.ba\/index.php?rest_route=\/wp\/v2\/posts\/388\/revisions\/390"}],"wp:attachment":[{"href":"https:\/\/osbrcanskamalta.com.ba\/index.php?rest_route=%2Fwp%2Fv2%2Fmedia&parent=388"}],"wp:term":[{"taxonomy":"category","embeddable":true,"href":"https:\/\/osbrcanskamalta.com.ba\/index.php?rest_route=%2Fwp%2Fv2%2Fcategories&post=388"},{"taxonomy":"post_tag","embeddable":true,"href":"https:\/\/osbrcanskamalta.com.ba\/index.php?rest_route=%2Fwp%2Fv2%2Ftags&post=388"}],"curies":[{"name":"wp","href":"https:\/\/api.w.org\/{rel}","templated":true}]}}