{"id":283,"date":"2018-09-21T19:45:09","date_gmt":"2018-09-21T19:45:09","guid":{"rendered":"http:\/\/osbrcanskamalta.com.ba\/?p=283"},"modified":"2018-10-25T21:00:31","modified_gmt":"2018-10-25T21:00:31","slug":"medunarodni-dan-bez-automobila","status":"publish","type":"post","link":"https:\/\/osbrcanskamalta.com.ba\/?p=283","title":{"rendered":"Me\u0111unarodni dan bez automobila"},"content":{"rendered":"<p style=\"text-align: left;\"><span style=\"color: #1d2129; font-family: Helvetica, Arial, sans-serif; font-size: 14px;\">\u00a0<img loading=\"lazy\" decoding=\"async\" class=\"wp-image-284 alignleft\" src=\"http:\/\/osbrcanskamalta.com.ba\/wp-content\/uploads\/2018\/10\/42308454_10156451685330667_8894247851148705792_o-300x225.jpg\" alt=\"\" width=\"317\" height=\"238\" srcset=\"https:\/\/osbrcanskamalta.com.ba\/wp-content\/uploads\/2018\/10\/42308454_10156451685330667_8894247851148705792_o-300x225.jpg 300w, https:\/\/osbrcanskamalta.com.ba\/wp-content\/uploads\/2018\/10\/42308454_10156451685330667_8894247851148705792_o-768x576.jpg 768w, https:\/\/osbrcanskamalta.com.ba\/wp-content\/uploads\/2018\/10\/42308454_10156451685330667_8894247851148705792_o-1024x768.jpg 1024w, https:\/\/osbrcanskamalta.com.ba\/wp-content\/uploads\/2018\/10\/42308454_10156451685330667_8894247851148705792_o.jpg 1280w\" sizes=\"auto, (max-width: 317px) 100vw, 317px\" \/><img loading=\"lazy\" decoding=\"async\" class=\"wp-image-285 alignleft\" style=\"color: #333333; font-family: Georgia, 'Times New Roman', 'Bitstream Charter', Times, serif; font-size: 16px;\" src=\"http:\/\/osbrcanskamalta.com.ba\/wp-content\/uploads\/2018\/10\/42211728_10156451684885667_4772157876485488640_o-180x300.jpg\" alt=\"\" width=\"139\" height=\"232\" srcset=\"https:\/\/osbrcanskamalta.com.ba\/wp-content\/uploads\/2018\/10\/42211728_10156451684885667_4772157876485488640_o-180x300.jpg 180w, https:\/\/osbrcanskamalta.com.ba\/wp-content\/uploads\/2018\/10\/42211728_10156451684885667_4772157876485488640_o.jpg 768w, https:\/\/osbrcanskamalta.com.ba\/wp-content\/uploads\/2018\/10\/42211728_10156451684885667_4772157876485488640_o-614x1024.jpg 614w\" sizes=\"auto, (max-width: 139px) 100vw, 139px\" \/><\/span><\/p>\n<p>&nbsp;<\/p>\n<p>&nbsp;<\/p>\n<p>&nbsp;<\/p>\n<p>&nbsp;<\/p>\n<p>&nbsp;<\/p>\n<p>&nbsp;<\/p>\n<p style=\"text-align: left;\"><span style=\"color: #1d2129; font-family: Helvetica, Arial, sans-serif; font-size: 14px;\">U petak 21. septembra u\u010denici IVc, zajedno sa svojom u\u010diteljicom Almom Seleskovi\u0107, u\u010destvovali su u akciji obilje\u017eavanja Me\u0111unarodnog dana bez automobila, a u organizaciji Eko-zelenih TK. Promotivnom \u0161etnjom kojom se krenulu sa Trga slobode, u\u010denici na\u0161e skole, kao i drugih tuzlanskih \u0161kola, putem svojih transparenata imali su priliku poru\u010diti svim gra\u0111anima, a naro\u010dito vlastima, da je krajnje vrijeme da se preduzmu mjere za pobolj\u0161anje kvalitete zraka. Pored ovakvih potrebno je preduzimati i druge aktivnosti prvenstveno na podizanju svijesti svih gra\u0111ana o potrebi stalne brige za okolinu, za o\u010duvanje zraka, vode, zelenila i drugih blagodati, s obzirom na \u010dinjenicu da je Grad Tuzla jedan od najzagadjenijih gradova u svijetu. Nakon \u0161etnje, uprili\u010deno je i kratko predavanje na ovu temu koje je odr\u017eano u amfiteatru Katoli\u010dkog \u0161kolskog centra u Tuzli.<\/span><\/p>\n","protected":false},"excerpt":{"rendered":"<p>\u00a0 &nbsp; &nbsp; &nbsp; &nbsp; &nbsp; &nbsp; U petak 21. septembra u\u010denici IVc, zajedno sa svojom u\u010diteljicom Almom Seleskovi\u0107, u\u010destvovali &hellip; <\/p>\n","protected":false},"author":1,"featured_media":0,"comment_status":"open","ping_status":"open","sticky":false,"template":"","format":"standard","meta":{"footnotes":""},"categories":[12],"tags":[],"class_list":["post-283","post","type-post","status-publish","format-standard","hentry","category-etos-inicijativa"],"yoast_head":"<!-- This site is optimized with the Yoast SEO plugin v19.13 - https:\/\/yoast.com\/wordpress\/plugins\/seo\/ -->\n<title>Me\u0111unarodni dan bez automobila - O\u0160 &quot;Br\u010danska Malta&quot;<\/title>\n<meta name=\"robots\" content=\"index, follow, max-snippet:-1, max-image-preview:large, max-video-preview:-1\" \/>\n<link rel=\"canonical\" href=\"https:\/\/osbrcanskamalta.com.ba\/?p=283\" \/>\n<meta property=\"og:locale\" content=\"en_US\" \/>\n<meta property=\"og:type\" content=\"article\" \/>\n<meta property=\"og:title\" content=\"Me\u0111unarodni dan bez automobila - O\u0160 &quot;Br\u010danska Malta&quot;\" \/>\n<meta property=\"og:description\" content=\"\u00a0 &nbsp; &nbsp; &nbsp; &nbsp; &nbsp; &nbsp; U petak 21. septembra u\u010denici IVc, zajedno sa svojom u\u010diteljicom Almom Seleskovi\u0107, u\u010destvovali &hellip;\" \/>\n<meta property=\"og:url\" content=\"https:\/\/osbrcanskamalta.com.ba\/?p=283\" \/>\n<meta property=\"og:site_name\" content=\"O\u0160 &quot;Br\u010danska Malta&quot;\" \/>\n<meta property=\"article:published_time\" content=\"2018-09-21T19:45:09+00:00\" \/>\n<meta property=\"article:modified_time\" content=\"2018-10-25T21:00:31+00:00\" \/>\n<meta property=\"og:image\" content=\"http:\/\/osbrcanskamalta.com.ba\/wp-content\/uploads\/2018\/10\/42308454_10156451685330667_8894247851148705792_o-300x225.jpg\" \/>\n<meta name=\"twitter:card\" content=\"summary_large_image\" \/>\n<meta name=\"twitter:label1\" content=\"Written by\" \/>\n\t<meta name=\"twitter:data1\" content=\"\" \/>\n\t<meta name=\"twitter:label2\" content=\"Est. reading time\" \/>\n\t<meta name=\"twitter:data2\" content=\"1 minute\" \/>\n<script type=\"application\/ld+json\" class=\"yoast-schema-graph\">{\"@context\":\"https:\/\/schema.org\",\"@graph\":[{\"@type\":\"Article\",\"@id\":\"https:\/\/osbrcanskamalta.com.ba\/?p=283#article\",\"isPartOf\":{\"@id\":\"https:\/\/osbrcanskamalta.com.ba\/?p=283\"},\"author\":{\"name\":\"\",\"@id\":\"\"},\"headline\":\"Me\u0111unarodni dan bez automobila\",\"datePublished\":\"2018-09-21T19:45:09+00:00\",\"dateModified\":\"2018-10-25T21:00:31+00:00\",\"mainEntityOfPage\":{\"@id\":\"https:\/\/osbrcanskamalta.com.ba\/?p=283\"},\"wordCount\":154,\"commentCount\":10884,\"publisher\":{\"@id\":\"https:\/\/osbrcanskamalta.com.ba\/#organization\"},\"articleSection\":[\"ETOS inicijativa\"],\"inLanguage\":\"en-US\"},{\"@type\":\"WebPage\",\"@id\":\"https:\/\/osbrcanskamalta.com.ba\/?p=283\",\"url\":\"https:\/\/osbrcanskamalta.com.ba\/?p=283\",\"name\":\"Me\u0111unarodni dan bez automobila - O\u0160 &quot;Br\u010danska Malta&quot;\",\"isPartOf\":{\"@id\":\"https:\/\/osbrcanskamalta.com.ba\/#website\"},\"datePublished\":\"2018-09-21T19:45:09+00:00\",\"dateModified\":\"2018-10-25T21:00:31+00:00\",\"breadcrumb\":{\"@id\":\"https:\/\/osbrcanskamalta.com.ba\/?p=283#breadcrumb\"},\"inLanguage\":\"en-US\",\"potentialAction\":[{\"@type\":\"ReadAction\",\"target\":[\"https:\/\/osbrcanskamalta.com.ba\/?p=283\"]}]},{\"@type\":\"BreadcrumbList\",\"@id\":\"https:\/\/osbrcanskamalta.com.ba\/?p=283#breadcrumb\",\"itemListElement\":[{\"@type\":\"ListItem\",\"position\":1,\"name\":\"Home\",\"item\":\"https:\/\/osbrcanskamalta.com.ba\/\"},{\"@type\":\"ListItem\",\"position\":2,\"name\":\"Me\u0111unarodni dan bez automobila\"}]},{\"@type\":\"WebSite\",\"@id\":\"https:\/\/osbrcanskamalta.com.ba\/#website\",\"url\":\"https:\/\/osbrcanskamalta.com.ba\/\",\"name\":\"O\u0160 &quot;Br\u010danska Malta&quot;\",\"description\":\"Miroslava Krle\u017ee 27, Tuzla\",\"publisher\":{\"@id\":\"https:\/\/osbrcanskamalta.com.ba\/#organization\"},\"potentialAction\":[{\"@type\":\"SearchAction\",\"target\":{\"@type\":\"EntryPoint\",\"urlTemplate\":\"https:\/\/osbrcanskamalta.com.ba\/?s={search_term_string}\"},\"query-input\":\"required name=search_term_string\"}],\"inLanguage\":\"en-US\"},{\"@type\":\"Organization\",\"@id\":\"https:\/\/osbrcanskamalta.com.ba\/#organization\",\"name\":\"O\u0160 &quot;Br\u010danska Malta&quot;\",\"url\":\"https:\/\/osbrcanskamalta.com.ba\/\",\"logo\":{\"@type\":\"ImageObject\",\"inLanguage\":\"en-US\",\"@id\":\"https:\/\/osbrcanskamalta.com.ba\/#\/schema\/logo\/image\/\",\"url\":\"https:\/\/osbrcanskamalta.com.ba\/wp-content\/uploads\/2023\/01\/cropped-grb2.jpg\",\"contentUrl\":\"https:\/\/osbrcanskamalta.com.ba\/wp-content\/uploads\/2023\/01\/cropped-grb2.jpg\",\"width\":311,\"height\":400,\"caption\":\"O\u0160 &quot;Br\u010danska Malta&quot;\"},\"image\":{\"@id\":\"https:\/\/osbrcanskamalta.com.ba\/#\/schema\/logo\/image\/\"}},{\"@type\":\"Person\",\"@id\":\"\",\"url\":\"https:\/\/osbrcanskamalta.com.ba\/?author=1\"}]}<\/script>\n<!-- \/ Yoast SEO plugin. -->","yoast_head_json":{"title":"Me\u0111unarodni dan bez automobila - O\u0160 &quot;Br\u010danska Malta&quot;","robots":{"index":"index","follow":"follow","max-snippet":"max-snippet:-1","max-image-preview":"max-image-preview:large","max-video-preview":"max-video-preview:-1"},"canonical":"https:\/\/osbrcanskamalta.com.ba\/?p=283","og_locale":"en_US","og_type":"article","og_title":"Me\u0111unarodni dan bez automobila - O\u0160 &quot;Br\u010danska Malta&quot;","og_description":"\u00a0 &nbsp; &nbsp; &nbsp; &nbsp; &nbsp; &nbsp; U petak 21. septembra u\u010denici IVc, zajedno sa svojom u\u010diteljicom Almom Seleskovi\u0107, u\u010destvovali &hellip;","og_url":"https:\/\/osbrcanskamalta.com.ba\/?p=283","og_site_name":"O\u0160 &quot;Br\u010danska Malta&quot;","article_published_time":"2018-09-21T19:45:09+00:00","article_modified_time":"2018-10-25T21:00:31+00:00","og_image":[{"url":"http:\/\/osbrcanskamalta.com.ba\/wp-content\/uploads\/2018\/10\/42308454_10156451685330667_8894247851148705792_o-300x225.jpg"}],"twitter_card":"summary_large_image","twitter_misc":{"Written by":"","Est. reading time":"1 minute"},"schema":{"@context":"https:\/\/schema.org","@graph":[{"@type":"Article","@id":"https:\/\/osbrcanskamalta.com.ba\/?p=283#article","isPartOf":{"@id":"https:\/\/osbrcanskamalta.com.ba\/?p=283"},"author":{"name":"","@id":""},"headline":"Me\u0111unarodni dan bez automobila","datePublished":"2018-09-21T19:45:09+00:00","dateModified":"2018-10-25T21:00:31+00:00","mainEntityOfPage":{"@id":"https:\/\/osbrcanskamalta.com.ba\/?p=283"},"wordCount":154,"commentCount":10884,"publisher":{"@id":"https:\/\/osbrcanskamalta.com.ba\/#organization"},"articleSection":["ETOS inicijativa"],"inLanguage":"en-US"},{"@type":"WebPage","@id":"https:\/\/osbrcanskamalta.com.ba\/?p=283","url":"https:\/\/osbrcanskamalta.com.ba\/?p=283","name":"Me\u0111unarodni dan bez automobila - O\u0160 &quot;Br\u010danska Malta&quot;","isPartOf":{"@id":"https:\/\/osbrcanskamalta.com.ba\/#website"},"datePublished":"2018-09-21T19:45:09+00:00","dateModified":"2018-10-25T21:00:31+00:00","breadcrumb":{"@id":"https:\/\/osbrcanskamalta.com.ba\/?p=283#breadcrumb"},"inLanguage":"en-US","potentialAction":[{"@type":"ReadAction","target":["https:\/\/osbrcanskamalta.com.ba\/?p=283"]}]},{"@type":"BreadcrumbList","@id":"https:\/\/osbrcanskamalta.com.ba\/?p=283#breadcrumb","itemListElement":[{"@type":"ListItem","position":1,"name":"Home","item":"https:\/\/osbrcanskamalta.com.ba\/"},{"@type":"ListItem","position":2,"name":"Me\u0111unarodni dan bez automobila"}]},{"@type":"WebSite","@id":"https:\/\/osbrcanskamalta.com.ba\/#website","url":"https:\/\/osbrcanskamalta.com.ba\/","name":"O\u0160 &quot;Br\u010danska Malta&quot;","description":"Miroslava Krle\u017ee 27, Tuzla","publisher":{"@id":"https:\/\/osbrcanskamalta.com.ba\/#organization"},"potentialAction":[{"@type":"SearchAction","target":{"@type":"EntryPoint","urlTemplate":"https:\/\/osbrcanskamalta.com.ba\/?s={search_term_string}"},"query-input":"required name=search_term_string"}],"inLanguage":"en-US"},{"@type":"Organization","@id":"https:\/\/osbrcanskamalta.com.ba\/#organization","name":"O\u0160 &quot;Br\u010danska Malta&quot;","url":"https:\/\/osbrcanskamalta.com.ba\/","logo":{"@type":"ImageObject","inLanguage":"en-US","@id":"https:\/\/osbrcanskamalta.com.ba\/#\/schema\/logo\/image\/","url":"https:\/\/osbrcanskamalta.com.ba\/wp-content\/uploads\/2023\/01\/cropped-grb2.jpg","contentUrl":"https:\/\/osbrcanskamalta.com.ba\/wp-content\/uploads\/2023\/01\/cropped-grb2.jpg","width":311,"height":400,"caption":"O\u0160 &quot;Br\u010danska Malta&quot;"},"image":{"@id":"https:\/\/osbrcanskamalta.com.ba\/#\/schema\/logo\/image\/"}},{"@type":"Person","@id":"","url":"https:\/\/osbrcanskamalta.com.ba\/?author=1"}]}},"_links":{"self":[{"href":"https:\/\/osbrcanskamalta.com.ba\/index.php?rest_route=\/wp\/v2\/posts\/283","targetHints":{"allow":["GET"]}}],"collection":[{"href":"https:\/\/osbrcanskamalta.com.ba\/index.php?rest_route=\/wp\/v2\/posts"}],"about":[{"href":"https:\/\/osbrcanskamalta.com.ba\/index.php?rest_route=\/wp\/v2\/types\/post"}],"author":[{"embeddable":true,"href":"https:\/\/osbrcanskamalta.com.ba\/index.php?rest_route=\/wp\/v2\/users\/1"}],"replies":[{"embeddable":true,"href":"https:\/\/osbrcanskamalta.com.ba\/index.php?rest_route=%2Fwp%2Fv2%2Fcomments&post=283"}],"version-history":[{"count":1,"href":"https:\/\/osbrcanskamalta.com.ba\/index.php?rest_route=\/wp\/v2\/posts\/283\/revisions"}],"predecessor-version":[{"id":286,"href":"https:\/\/osbrcanskamalta.com.ba\/index.php?rest_route=\/wp\/v2\/posts\/283\/revisions\/286"}],"wp:attachment":[{"href":"https:\/\/osbrcanskamalta.com.ba\/index.php?rest_route=%2Fwp%2Fv2%2Fmedia&parent=283"}],"wp:term":[{"taxonomy":"category","embeddable":true,"href":"https:\/\/osbrcanskamalta.com.ba\/index.php?rest_route=%2Fwp%2Fv2%2Fcategories&post=283"},{"taxonomy":"post_tag","embeddable":true,"href":"https:\/\/osbrcanskamalta.com.ba\/index.php?rest_route=%2Fwp%2Fv2%2Ftags&post=283"}],"curies":[{"name":"wp","href":"https:\/\/api.w.org\/{rel}","templated":true}]}}