{"id":1030,"date":"2020-12-14T07:03:00","date_gmt":"2020-12-14T07:03:00","guid":{"rendered":"http:\/\/osbrcanskamalta.com.ba\/?p=1030"},"modified":"2020-12-16T18:44:01","modified_gmt":"2020-12-16T18:44:01","slug":"obiljezena-kampanja-16-dana-aktivizma-u-skolama-brcanska-malta-i-mjesovita-srednja-elektrotehnicka-skola-u-tuzli","status":"publish","type":"post","link":"https:\/\/osbrcanskamalta.com.ba\/?p=1030","title":{"rendered":"Obilje\u017eena kampanja \u201e16 dana aktivizma\u201c u \u0161kolama \u201eBr\u010danska Malta\u201c i \u201eMje\u0161ovita srednja elektrotehni\u010dka \u0161kola\u201c u Tuzli"},"content":{"rendered":"\n<p>I ove godine u JU O.\u0160. \u201eBr\u010danska Malta\u201c obilje\u017eena je kampanja \u201e16 Dana aktivizma\u201c nizom aktivnosti i radionica, pod rukovodstvom prof. Munevere Rahmanovi\u0107-Hrbat.<\/p>\n\n\n\n<p>U petak, 11.12.2020., odr\u017eana je jedna takva radionica putem Zoom platforme, u kojoj su u\u010de\u0161\u0107e uzeli i u\u010denici Mje\u0161ovite srednje elektrotehni\u010dke \u0161kole u Tuzli, pod mentorstvom doc.dr. Larise Softi\u0107 \u2013 Gasal, prof.&nbsp;<\/p>\n\n\n\n<p>Tom prilikom u\u010denici \u0161kole \u201eBr\u010danska Malta\u201c obradili su &#8211; zajedno sa mr. Almirom Be\u0107irovi\u0107, prof. &#8211; temu \u201eLjudska prava, dje\u010dija prava\u201c, dok su u\u010denici u partnerskoj \u0161koli prezentovali svoja istra\u017eivanja na temu \u201eKoliko se (ne) razumijemo\u201c.<\/p>\n\n\n\n<p>Aktivnosti su objedinile saznanja iz razli\u010ditih oblasti, me\u0111u kojima: upoznavanje sa temeljnim ljudskim pravima, empatija i komunikacija. U\u010denici partnerske \u0161kole iznijeli su na radionici i problem nepostojanja predmeta \u201eSeksualni odgoj\u201c u \u0161kolama, koji bi, smatraju oni, trebao da bude omogu\u0107en kao izborni ili obavezni predmet.&nbsp;<\/p>\n\n\n\n<p>U projektu su u\u010destvovale u\u010diteljice &#8211; prof.: Aida Suhonji\u0107, Elisa \u0160adi\u0107, Safija Agi\u0107, Sadina Pa\u010dariz, Merima Hasi\u0107, Svetlana Duvnjakovi\u0107, Zerina Dedaji\u0107 &#8211; sa svojim odjeljenjima.<\/p>\n\n\n\n<p>Projekat se realizuje u okviru Etos inicijative, koju provodi TPO Fondacija iz Sarajeva.<\/p>\n\n\n\n<figure class=\"wp-block-gallery columns-3 is-cropped wp-block-gallery-1 is-layout-flex wp-block-gallery-is-layout-flex\"><ul class=\"blocks-gallery-grid\"><li class=\"blocks-gallery-item\"><figure><img loading=\"lazy\" decoding=\"async\" width=\"1024\" height=\"577\" src=\"http:\/\/osbrcanskamalta.com.ba\/wp-content\/uploads\/2020\/12\/IMG_20201208_131005-1024x577.jpg\" alt=\"\" data-id=\"1031\" data-full-url=\"http:\/\/osbrcanskamalta.com.ba\/wp-content\/uploads\/2020\/12\/IMG_20201208_131005-scaled.jpg\" data-link=\"http:\/\/osbrcanskamalta.com.ba\/?attachment_id=1031\" class=\"wp-image-1031\" srcset=\"https:\/\/osbrcanskamalta.com.ba\/wp-content\/uploads\/2020\/12\/IMG_20201208_131005-1024x577.jpg 1024w, https:\/\/osbrcanskamalta.com.ba\/wp-content\/uploads\/2020\/12\/IMG_20201208_131005-300x169.jpg 300w, https:\/\/osbrcanskamalta.com.ba\/wp-content\/uploads\/2020\/12\/IMG_20201208_131005-768x433.jpg 768w, https:\/\/osbrcanskamalta.com.ba\/wp-content\/uploads\/2020\/12\/IMG_20201208_131005-1536x866.jpg 1536w, https:\/\/osbrcanskamalta.com.ba\/wp-content\/uploads\/2020\/12\/IMG_20201208_131005-2048x1155.jpg 2048w\" sizes=\"auto, (max-width: 1024px) 100vw, 1024px\" \/><figcaption class=\"blocks-gallery-item__caption\">btr<\/figcaption><\/figure><\/li><li class=\"blocks-gallery-item\"><figure><img loading=\"lazy\" decoding=\"async\" width=\"1024\" height=\"577\" src=\"http:\/\/osbrcanskamalta.com.ba\/wp-content\/uploads\/2020\/12\/IMG_20201208_131103-1024x577.jpg\" alt=\"\" data-id=\"1032\" data-full-url=\"http:\/\/osbrcanskamalta.com.ba\/wp-content\/uploads\/2020\/12\/IMG_20201208_131103-scaled.jpg\" data-link=\"http:\/\/osbrcanskamalta.com.ba\/?attachment_id=1032\" class=\"wp-image-1032\" srcset=\"https:\/\/osbrcanskamalta.com.ba\/wp-content\/uploads\/2020\/12\/IMG_20201208_131103-1024x577.jpg 1024w, https:\/\/osbrcanskamalta.com.ba\/wp-content\/uploads\/2020\/12\/IMG_20201208_131103-300x169.jpg 300w, https:\/\/osbrcanskamalta.com.ba\/wp-content\/uploads\/2020\/12\/IMG_20201208_131103-768x433.jpg 768w, https:\/\/osbrcanskamalta.com.ba\/wp-content\/uploads\/2020\/12\/IMG_20201208_131103-1536x866.jpg 1536w, https:\/\/osbrcanskamalta.com.ba\/wp-content\/uploads\/2020\/12\/IMG_20201208_131103-2048x1155.jpg 2048w\" sizes=\"auto, (max-width: 1024px) 100vw, 1024px\" \/><figcaption class=\"blocks-gallery-item__caption\">btr<\/figcaption><\/figure><\/li><li class=\"blocks-gallery-item\"><figure><img loading=\"lazy\" decoding=\"async\" width=\"1024\" height=\"577\" src=\"http:\/\/osbrcanskamalta.com.ba\/wp-content\/uploads\/2020\/12\/IMG_20201211_190649-1024x577.jpg\" alt=\"\" data-id=\"1033\" data-full-url=\"http:\/\/osbrcanskamalta.com.ba\/wp-content\/uploads\/2020\/12\/IMG_20201211_190649-scaled.jpg\" data-link=\"http:\/\/osbrcanskamalta.com.ba\/?attachment_id=1033\" class=\"wp-image-1033\" srcset=\"https:\/\/osbrcanskamalta.com.ba\/wp-content\/uploads\/2020\/12\/IMG_20201211_190649-1024x577.jpg 1024w, https:\/\/osbrcanskamalta.com.ba\/wp-content\/uploads\/2020\/12\/IMG_20201211_190649-300x169.jpg 300w, https:\/\/osbrcanskamalta.com.ba\/wp-content\/uploads\/2020\/12\/IMG_20201211_190649-768x433.jpg 768w, https:\/\/osbrcanskamalta.com.ba\/wp-content\/uploads\/2020\/12\/IMG_20201211_190649-1536x866.jpg 1536w, https:\/\/osbrcanskamalta.com.ba\/wp-content\/uploads\/2020\/12\/IMG_20201211_190649-2048x1155.jpg 2048w\" sizes=\"auto, (max-width: 1024px) 100vw, 1024px\" \/><figcaption class=\"blocks-gallery-item__caption\">btr<\/figcaption><\/figure><\/li><li class=\"blocks-gallery-item\"><figure><img loading=\"lazy\" decoding=\"async\" width=\"1024\" height=\"577\" src=\"http:\/\/osbrcanskamalta.com.ba\/wp-content\/uploads\/2020\/12\/IMG_20201211_191223-1024x577.jpg\" alt=\"\" data-id=\"1034\" data-full-url=\"http:\/\/osbrcanskamalta.com.ba\/wp-content\/uploads\/2020\/12\/IMG_20201211_191223-scaled.jpg\" data-link=\"http:\/\/osbrcanskamalta.com.ba\/?attachment_id=1034\" class=\"wp-image-1034\" srcset=\"https:\/\/osbrcanskamalta.com.ba\/wp-content\/uploads\/2020\/12\/IMG_20201211_191223-1024x577.jpg 1024w, https:\/\/osbrcanskamalta.com.ba\/wp-content\/uploads\/2020\/12\/IMG_20201211_191223-300x169.jpg 300w, https:\/\/osbrcanskamalta.com.ba\/wp-content\/uploads\/2020\/12\/IMG_20201211_191223-768x433.jpg 768w, https:\/\/osbrcanskamalta.com.ba\/wp-content\/uploads\/2020\/12\/IMG_20201211_191223-1536x866.jpg 1536w, https:\/\/osbrcanskamalta.com.ba\/wp-content\/uploads\/2020\/12\/IMG_20201211_191223-2048x1155.jpg 2048w\" sizes=\"auto, (max-width: 1024px) 100vw, 1024px\" \/><figcaption class=\"blocks-gallery-item__caption\">rbt<\/figcaption><\/figure><\/li><li class=\"blocks-gallery-item\"><figure><img loading=\"lazy\" decoding=\"async\" width=\"1024\" height=\"577\" src=\"http:\/\/osbrcanskamalta.com.ba\/wp-content\/uploads\/2020\/12\/IMG_20201211_192022-1024x577.jpg\" alt=\"\" data-id=\"1035\" data-full-url=\"http:\/\/osbrcanskamalta.com.ba\/wp-content\/uploads\/2020\/12\/IMG_20201211_192022-scaled.jpg\" data-link=\"http:\/\/osbrcanskamalta.com.ba\/?attachment_id=1035\" class=\"wp-image-1035\" srcset=\"https:\/\/osbrcanskamalta.com.ba\/wp-content\/uploads\/2020\/12\/IMG_20201211_192022-1024x577.jpg 1024w, https:\/\/osbrcanskamalta.com.ba\/wp-content\/uploads\/2020\/12\/IMG_20201211_192022-300x169.jpg 300w, https:\/\/osbrcanskamalta.com.ba\/wp-content\/uploads\/2020\/12\/IMG_20201211_192022-768x433.jpg 768w, https:\/\/osbrcanskamalta.com.ba\/wp-content\/uploads\/2020\/12\/IMG_20201211_192022-1536x866.jpg 1536w, https:\/\/osbrcanskamalta.com.ba\/wp-content\/uploads\/2020\/12\/IMG_20201211_192022-2048x1155.jpg 2048w\" sizes=\"auto, (max-width: 1024px) 100vw, 1024px\" \/><figcaption class=\"blocks-gallery-item__caption\">rbt<\/figcaption><\/figure><\/li><li class=\"blocks-gallery-item\"><figure><img loading=\"lazy\" decoding=\"async\" width=\"1024\" height=\"577\" src=\"http:\/\/osbrcanskamalta.com.ba\/wp-content\/uploads\/2020\/12\/IMG_20201211_192710-1024x577.jpg\" alt=\"\" data-id=\"1036\" data-full-url=\"http:\/\/osbrcanskamalta.com.ba\/wp-content\/uploads\/2020\/12\/IMG_20201211_192710-scaled.jpg\" data-link=\"http:\/\/osbrcanskamalta.com.ba\/?attachment_id=1036\" class=\"wp-image-1036\" srcset=\"https:\/\/osbrcanskamalta.com.ba\/wp-content\/uploads\/2020\/12\/IMG_20201211_192710-1024x577.jpg 1024w, https:\/\/osbrcanskamalta.com.ba\/wp-content\/uploads\/2020\/12\/IMG_20201211_192710-300x169.jpg 300w, https:\/\/osbrcanskamalta.com.ba\/wp-content\/uploads\/2020\/12\/IMG_20201211_192710-768x433.jpg 768w, https:\/\/osbrcanskamalta.com.ba\/wp-content\/uploads\/2020\/12\/IMG_20201211_192710-1536x866.jpg 1536w, https:\/\/osbrcanskamalta.com.ba\/wp-content\/uploads\/2020\/12\/IMG_20201211_192710-2048x1155.jpg 2048w\" sizes=\"auto, (max-width: 1024px) 100vw, 1024px\" \/><figcaption class=\"blocks-gallery-item__caption\">btr<\/figcaption><\/figure><\/li><li class=\"blocks-gallery-item\"><figure><img loading=\"lazy\" decoding=\"async\" width=\"1024\" height=\"577\" src=\"http:\/\/osbrcanskamalta.com.ba\/wp-content\/uploads\/2020\/12\/IMG_20201211_193221-1024x577.jpg\" alt=\"\" data-id=\"1037\" data-full-url=\"http:\/\/osbrcanskamalta.com.ba\/wp-content\/uploads\/2020\/12\/IMG_20201211_193221-scaled.jpg\" data-link=\"http:\/\/osbrcanskamalta.com.ba\/?attachment_id=1037\" class=\"wp-image-1037\" srcset=\"https:\/\/osbrcanskamalta.com.ba\/wp-content\/uploads\/2020\/12\/IMG_20201211_193221-1024x577.jpg 1024w, https:\/\/osbrcanskamalta.com.ba\/wp-content\/uploads\/2020\/12\/IMG_20201211_193221-300x169.jpg 300w, https:\/\/osbrcanskamalta.com.ba\/wp-content\/uploads\/2020\/12\/IMG_20201211_193221-768x433.jpg 768w, https:\/\/osbrcanskamalta.com.ba\/wp-content\/uploads\/2020\/12\/IMG_20201211_193221-1536x866.jpg 1536w, https:\/\/osbrcanskamalta.com.ba\/wp-content\/uploads\/2020\/12\/IMG_20201211_193221-2048x1155.jpg 2048w\" sizes=\"auto, (max-width: 1024px) 100vw, 1024px\" \/><figcaption class=\"blocks-gallery-item__caption\">rbt<\/figcaption><\/figure><\/li><li class=\"blocks-gallery-item\"><figure><img loading=\"lazy\" decoding=\"async\" width=\"768\" height=\"1024\" src=\"http:\/\/osbrcanskamalta.com.ba\/wp-content\/uploads\/2020\/12\/IMG-02bfb80ad5db44e08a7c172a060b09a9-V-768x1024.jpg\" alt=\"\" data-id=\"1038\" data-full-url=\"http:\/\/osbrcanskamalta.com.ba\/wp-content\/uploads\/2020\/12\/IMG-02bfb80ad5db44e08a7c172a060b09a9-V.jpg\" data-link=\"http:\/\/osbrcanskamalta.com.ba\/?attachment_id=1038\" class=\"wp-image-1038\" srcset=\"https:\/\/osbrcanskamalta.com.ba\/wp-content\/uploads\/2020\/12\/IMG-02bfb80ad5db44e08a7c172a060b09a9-V-768x1024.jpg 768w, https:\/\/osbrcanskamalta.com.ba\/wp-content\/uploads\/2020\/12\/IMG-02bfb80ad5db44e08a7c172a060b09a9-V-225x300.jpg 225w, https:\/\/osbrcanskamalta.com.ba\/wp-content\/uploads\/2020\/12\/IMG-02bfb80ad5db44e08a7c172a060b09a9-V-1152x1536.jpg 1152w, https:\/\/osbrcanskamalta.com.ba\/wp-content\/uploads\/2020\/12\/IMG-02bfb80ad5db44e08a7c172a060b09a9-V.jpg 1200w\" sizes=\"auto, (max-width: 768px) 100vw, 768px\" \/><\/figure><\/li><li class=\"blocks-gallery-item\"><figure><img loading=\"lazy\" decoding=\"async\" width=\"768\" height=\"1024\" src=\"http:\/\/osbrcanskamalta.com.ba\/wp-content\/uploads\/2020\/12\/IMG-2c66282414e6c455859c8fd40e34da2f-V-768x1024.jpg\" alt=\"\" data-id=\"1039\" data-full-url=\"http:\/\/osbrcanskamalta.com.ba\/wp-content\/uploads\/2020\/12\/IMG-2c66282414e6c455859c8fd40e34da2f-V.jpg\" data-link=\"http:\/\/osbrcanskamalta.com.ba\/?attachment_id=1039\" class=\"wp-image-1039\" srcset=\"https:\/\/osbrcanskamalta.com.ba\/wp-content\/uploads\/2020\/12\/IMG-2c66282414e6c455859c8fd40e34da2f-V-768x1024.jpg 768w, https:\/\/osbrcanskamalta.com.ba\/wp-content\/uploads\/2020\/12\/IMG-2c66282414e6c455859c8fd40e34da2f-V-225x300.jpg 225w, https:\/\/osbrcanskamalta.com.ba\/wp-content\/uploads\/2020\/12\/IMG-2c66282414e6c455859c8fd40e34da2f-V-1152x1536.jpg 1152w, https:\/\/osbrcanskamalta.com.ba\/wp-content\/uploads\/2020\/12\/IMG-2c66282414e6c455859c8fd40e34da2f-V.jpg 1200w\" sizes=\"auto, (max-width: 768px) 100vw, 768px\" \/><\/figure><\/li><li class=\"blocks-gallery-item\"><figure><img loading=\"lazy\" decoding=\"async\" width=\"1024\" height=\"768\" src=\"http:\/\/osbrcanskamalta.com.ba\/wp-content\/uploads\/2020\/12\/IMG-5b13bf8633f0717cd08c08d2ff13cbe6-V-1024x768.jpg\" alt=\"\" data-id=\"1040\" data-full-url=\"http:\/\/osbrcanskamalta.com.ba\/wp-content\/uploads\/2020\/12\/IMG-5b13bf8633f0717cd08c08d2ff13cbe6-V.jpg\" data-link=\"http:\/\/osbrcanskamalta.com.ba\/?attachment_id=1040\" class=\"wp-image-1040\" srcset=\"https:\/\/osbrcanskamalta.com.ba\/wp-content\/uploads\/2020\/12\/IMG-5b13bf8633f0717cd08c08d2ff13cbe6-V-1024x768.jpg 1024w, https:\/\/osbrcanskamalta.com.ba\/wp-content\/uploads\/2020\/12\/IMG-5b13bf8633f0717cd08c08d2ff13cbe6-V-300x225.jpg 300w, https:\/\/osbrcanskamalta.com.ba\/wp-content\/uploads\/2020\/12\/IMG-5b13bf8633f0717cd08c08d2ff13cbe6-V-768x576.jpg 768w, https:\/\/osbrcanskamalta.com.ba\/wp-content\/uploads\/2020\/12\/IMG-5b13bf8633f0717cd08c08d2ff13cbe6-V.jpg 1280w\" sizes=\"auto, (max-width: 1024px) 100vw, 1024px\" \/><\/figure><\/li><li class=\"blocks-gallery-item\"><figure><img loading=\"lazy\" decoding=\"async\" width=\"1024\" height=\"768\" src=\"http:\/\/osbrcanskamalta.com.ba\/wp-content\/uploads\/2020\/12\/IMG-94d898959c4c7dc7482c1bcdfe68e458-V-1024x768.jpg\" alt=\"\" data-id=\"1041\" data-full-url=\"http:\/\/osbrcanskamalta.com.ba\/wp-content\/uploads\/2020\/12\/IMG-94d898959c4c7dc7482c1bcdfe68e458-V.jpg\" data-link=\"http:\/\/osbrcanskamalta.com.ba\/?attachment_id=1041\" class=\"wp-image-1041\" srcset=\"https:\/\/osbrcanskamalta.com.ba\/wp-content\/uploads\/2020\/12\/IMG-94d898959c4c7dc7482c1bcdfe68e458-V-1024x768.jpg 1024w, https:\/\/osbrcanskamalta.com.ba\/wp-content\/uploads\/2020\/12\/IMG-94d898959c4c7dc7482c1bcdfe68e458-V-300x225.jpg 300w, https:\/\/osbrcanskamalta.com.ba\/wp-content\/uploads\/2020\/12\/IMG-94d898959c4c7dc7482c1bcdfe68e458-V-768x576.jpg 768w, https:\/\/osbrcanskamalta.com.ba\/wp-content\/uploads\/2020\/12\/IMG-94d898959c4c7dc7482c1bcdfe68e458-V-1536x1152.jpg 1536w, https:\/\/osbrcanskamalta.com.ba\/wp-content\/uploads\/2020\/12\/IMG-94d898959c4c7dc7482c1bcdfe68e458-V.jpg 1600w\" sizes=\"auto, (max-width: 1024px) 100vw, 1024px\" \/><\/figure><\/li><li class=\"blocks-gallery-item\"><figure><img loading=\"lazy\" decoding=\"async\" width=\"1024\" height=\"768\" src=\"http:\/\/osbrcanskamalta.com.ba\/wp-content\/uploads\/2020\/12\/IMG-754a160fe849039485f50a885aaf3d46-V-1024x768.jpg\" alt=\"\" data-id=\"1042\" data-full-url=\"http:\/\/osbrcanskamalta.com.ba\/wp-content\/uploads\/2020\/12\/IMG-754a160fe849039485f50a885aaf3d46-V.jpg\" data-link=\"http:\/\/osbrcanskamalta.com.ba\/?attachment_id=1042\" class=\"wp-image-1042\" srcset=\"https:\/\/osbrcanskamalta.com.ba\/wp-content\/uploads\/2020\/12\/IMG-754a160fe849039485f50a885aaf3d46-V-1024x768.jpg 1024w, https:\/\/osbrcanskamalta.com.ba\/wp-content\/uploads\/2020\/12\/IMG-754a160fe849039485f50a885aaf3d46-V-300x225.jpg 300w, https:\/\/osbrcanskamalta.com.ba\/wp-content\/uploads\/2020\/12\/IMG-754a160fe849039485f50a885aaf3d46-V-768x576.jpg 768w, https:\/\/osbrcanskamalta.com.ba\/wp-content\/uploads\/2020\/12\/IMG-754a160fe849039485f50a885aaf3d46-V-1536x1152.jpg 1536w, https:\/\/osbrcanskamalta.com.ba\/wp-content\/uploads\/2020\/12\/IMG-754a160fe849039485f50a885aaf3d46-V.jpg 1600w\" sizes=\"auto, (max-width: 1024px) 100vw, 1024px\" \/><\/figure><\/li><li class=\"blocks-gallery-item\"><figure><img loading=\"lazy\" decoding=\"async\" width=\"1024\" height=\"768\" src=\"http:\/\/osbrcanskamalta.com.ba\/wp-content\/uploads\/2020\/12\/IMG-945a5e81a946c6e63355e2a001fdc4cc-V-1024x768.jpg\" alt=\"\" data-id=\"1043\" data-full-url=\"http:\/\/osbrcanskamalta.com.ba\/wp-content\/uploads\/2020\/12\/IMG-945a5e81a946c6e63355e2a001fdc4cc-V.jpg\" data-link=\"http:\/\/osbrcanskamalta.com.ba\/?attachment_id=1043\" class=\"wp-image-1043\" srcset=\"https:\/\/osbrcanskamalta.com.ba\/wp-content\/uploads\/2020\/12\/IMG-945a5e81a946c6e63355e2a001fdc4cc-V-1024x768.jpg 1024w, https:\/\/osbrcanskamalta.com.ba\/wp-content\/uploads\/2020\/12\/IMG-945a5e81a946c6e63355e2a001fdc4cc-V-300x225.jpg 300w, https:\/\/osbrcanskamalta.com.ba\/wp-content\/uploads\/2020\/12\/IMG-945a5e81a946c6e63355e2a001fdc4cc-V-768x576.jpg 768w, https:\/\/osbrcanskamalta.com.ba\/wp-content\/uploads\/2020\/12\/IMG-945a5e81a946c6e63355e2a001fdc4cc-V.jpg 1280w\" sizes=\"auto, (max-width: 1024px) 100vw, 1024px\" \/><\/figure><\/li><li class=\"blocks-gallery-item\"><figure><img loading=\"lazy\" decoding=\"async\" width=\"1024\" height=\"768\" src=\"http:\/\/osbrcanskamalta.com.ba\/wp-content\/uploads\/2020\/12\/IMG-5997dcf8cd4358df64ba0788b39ce874-V-1024x768.jpg\" alt=\"\" data-id=\"1044\" data-full-url=\"http:\/\/osbrcanskamalta.com.ba\/wp-content\/uploads\/2020\/12\/IMG-5997dcf8cd4358df64ba0788b39ce874-V.jpg\" data-link=\"http:\/\/osbrcanskamalta.com.ba\/?attachment_id=1044\" class=\"wp-image-1044\" srcset=\"https:\/\/osbrcanskamalta.com.ba\/wp-content\/uploads\/2020\/12\/IMG-5997dcf8cd4358df64ba0788b39ce874-V-1024x768.jpg 1024w, https:\/\/osbrcanskamalta.com.ba\/wp-content\/uploads\/2020\/12\/IMG-5997dcf8cd4358df64ba0788b39ce874-V-300x225.jpg 300w, https:\/\/osbrcanskamalta.com.ba\/wp-content\/uploads\/2020\/12\/IMG-5997dcf8cd4358df64ba0788b39ce874-V-768x576.jpg 768w, https:\/\/osbrcanskamalta.com.ba\/wp-content\/uploads\/2020\/12\/IMG-5997dcf8cd4358df64ba0788b39ce874-V-1536x1152.jpg 1536w, https:\/\/osbrcanskamalta.com.ba\/wp-content\/uploads\/2020\/12\/IMG-5997dcf8cd4358df64ba0788b39ce874-V.jpg 1600w\" sizes=\"auto, (max-width: 1024px) 100vw, 1024px\" \/><\/figure><\/li><li class=\"blocks-gallery-item\"><figure><img loading=\"lazy\" decoding=\"async\" width=\"768\" height=\"1024\" src=\"http:\/\/osbrcanskamalta.com.ba\/wp-content\/uploads\/2020\/12\/IMG-6035274072d78192c01a16c962f0e29c-V-768x1024.jpg\" alt=\"\" data-id=\"1045\" data-full-url=\"http:\/\/osbrcanskamalta.com.ba\/wp-content\/uploads\/2020\/12\/IMG-6035274072d78192c01a16c962f0e29c-V.jpg\" data-link=\"http:\/\/osbrcanskamalta.com.ba\/?attachment_id=1045\" class=\"wp-image-1045\" srcset=\"https:\/\/osbrcanskamalta.com.ba\/wp-content\/uploads\/2020\/12\/IMG-6035274072d78192c01a16c962f0e29c-V-768x1024.jpg 768w, https:\/\/osbrcanskamalta.com.ba\/wp-content\/uploads\/2020\/12\/IMG-6035274072d78192c01a16c962f0e29c-V-225x300.jpg 225w, https:\/\/osbrcanskamalta.com.ba\/wp-content\/uploads\/2020\/12\/IMG-6035274072d78192c01a16c962f0e29c-V-1152x1536.jpg 1152w, https:\/\/osbrcanskamalta.com.ba\/wp-content\/uploads\/2020\/12\/IMG-6035274072d78192c01a16c962f0e29c-V.jpg 1200w\" sizes=\"auto, (max-width: 768px) 100vw, 768px\" \/><\/figure><\/li><li class=\"blocks-gallery-item\"><figure><img loading=\"lazy\" decoding=\"async\" width=\"1024\" height=\"768\" src=\"http:\/\/osbrcanskamalta.com.ba\/wp-content\/uploads\/2020\/12\/IMG-aaa6ff96ed0733abf6917aa948a3d755-V-1024x768.jpg\" alt=\"\" data-id=\"1046\" data-full-url=\"http:\/\/osbrcanskamalta.com.ba\/wp-content\/uploads\/2020\/12\/IMG-aaa6ff96ed0733abf6917aa948a3d755-V.jpg\" data-link=\"http:\/\/osbrcanskamalta.com.ba\/?attachment_id=1046\" class=\"wp-image-1046\" srcset=\"https:\/\/osbrcanskamalta.com.ba\/wp-content\/uploads\/2020\/12\/IMG-aaa6ff96ed0733abf6917aa948a3d755-V-1024x768.jpg 1024w, https:\/\/osbrcanskamalta.com.ba\/wp-content\/uploads\/2020\/12\/IMG-aaa6ff96ed0733abf6917aa948a3d755-V-300x225.jpg 300w, https:\/\/osbrcanskamalta.com.ba\/wp-content\/uploads\/2020\/12\/IMG-aaa6ff96ed0733abf6917aa948a3d755-V-768x576.jpg 768w, https:\/\/osbrcanskamalta.com.ba\/wp-content\/uploads\/2020\/12\/IMG-aaa6ff96ed0733abf6917aa948a3d755-V-1536x1152.jpg 1536w, https:\/\/osbrcanskamalta.com.ba\/wp-content\/uploads\/2020\/12\/IMG-aaa6ff96ed0733abf6917aa948a3d755-V.jpg 1600w\" sizes=\"auto, (max-width: 1024px) 100vw, 1024px\" \/><\/figure><\/li><li class=\"blocks-gallery-item\"><figure><img loading=\"lazy\" decoding=\"async\" width=\"768\" height=\"1024\" src=\"http:\/\/osbrcanskamalta.com.ba\/wp-content\/uploads\/2020\/12\/IMG-f0c54c61a07bc26e10e57d592021962b-V-768x1024.jpg\" alt=\"\" data-id=\"1047\" data-full-url=\"http:\/\/osbrcanskamalta.com.ba\/wp-content\/uploads\/2020\/12\/IMG-f0c54c61a07bc26e10e57d592021962b-V.jpg\" data-link=\"http:\/\/osbrcanskamalta.com.ba\/?attachment_id=1047\" class=\"wp-image-1047\" srcset=\"https:\/\/osbrcanskamalta.com.ba\/wp-content\/uploads\/2020\/12\/IMG-f0c54c61a07bc26e10e57d592021962b-V-768x1024.jpg 768w, https:\/\/osbrcanskamalta.com.ba\/wp-content\/uploads\/2020\/12\/IMG-f0c54c61a07bc26e10e57d592021962b-V-225x300.jpg 225w, https:\/\/osbrcanskamalta.com.ba\/wp-content\/uploads\/2020\/12\/IMG-f0c54c61a07bc26e10e57d592021962b-V-1152x1536.jpg 1152w, https:\/\/osbrcanskamalta.com.ba\/wp-content\/uploads\/2020\/12\/IMG-f0c54c61a07bc26e10e57d592021962b-V.jpg 1200w\" sizes=\"auto, (max-width: 768px) 100vw, 768px\" \/><\/figure><\/li><\/ul><\/figure>\n","protected":false},"excerpt":{"rendered":"<p>I ove godine u JU O.\u0160. \u201eBr\u010danska Malta\u201c obilje\u017eena je kampanja \u201e16 Dana aktivizma\u201c nizom aktivnosti i radionica, pod rukovodstvom &hellip; <\/p>\n","protected":false},"author":1,"featured_media":410,"comment_status":"closed","ping_status":"closed","sticky":false,"template":"","format":"standard","meta":{"footnotes":""},"categories":[12],"tags":[],"class_list":["post-1030","post","type-post","status-publish","format-standard","has-post-thumbnail","hentry","category-etos-inicijativa"],"yoast_head":"<!-- This site is optimized with the Yoast SEO plugin v19.13 - https:\/\/yoast.com\/wordpress\/plugins\/seo\/ -->\n<title>Obilje\u017eena kampanja \u201e16 dana aktivizma\u201c u \u0161kolama \u201eBr\u010danska Malta\u201c i \u201eMje\u0161ovita srednja elektrotehni\u010dka \u0161kola\u201c u Tuzli - O\u0160 &quot;Br\u010danska Malta&quot;<\/title>\n<meta name=\"robots\" content=\"index, follow, max-snippet:-1, max-image-preview:large, max-video-preview:-1\" \/>\n<link rel=\"canonical\" href=\"https:\/\/osbrcanskamalta.com.ba\/?p=1030\" \/>\n<meta property=\"og:locale\" content=\"en_US\" \/>\n<meta property=\"og:type\" content=\"article\" \/>\n<meta property=\"og:title\" content=\"Obilje\u017eena kampanja \u201e16 dana aktivizma\u201c u \u0161kolama \u201eBr\u010danska Malta\u201c i \u201eMje\u0161ovita srednja elektrotehni\u010dka \u0161kola\u201c u Tuzli - O\u0160 &quot;Br\u010danska Malta&quot;\" \/>\n<meta property=\"og:description\" content=\"I ove godine u JU O.\u0160. \u201eBr\u010danska Malta\u201c obilje\u017eena je kampanja \u201e16 Dana aktivizma\u201c nizom aktivnosti i radionica, pod rukovodstvom &hellip;\" \/>\n<meta property=\"og:url\" content=\"https:\/\/osbrcanskamalta.com.ba\/?p=1030\" \/>\n<meta property=\"og:site_name\" content=\"O\u0160 &quot;Br\u010danska Malta&quot;\" \/>\n<meta property=\"article:published_time\" content=\"2020-12-14T07:03:00+00:00\" \/>\n<meta property=\"article:modified_time\" content=\"2020-12-16T18:44:01+00:00\" \/>\n<meta property=\"og:image\" content=\"https:\/\/osbrcanskamalta.com.ba\/wp-content\/uploads\/2018\/11\/45217982_891779104362849_8162769638799704064_n.jpg\" \/>\n\t<meta property=\"og:image:width\" content=\"180\" \/>\n\t<meta property=\"og:image:height\" content=\"180\" \/>\n\t<meta property=\"og:image:type\" content=\"image\/jpeg\" \/>\n<meta name=\"twitter:card\" content=\"summary_large_image\" \/>\n<meta name=\"twitter:label1\" content=\"Written by\" \/>\n\t<meta name=\"twitter:data1\" content=\"\" \/>\n\t<meta name=\"twitter:label2\" content=\"Est. reading time\" \/>\n\t<meta name=\"twitter:data2\" content=\"1 minute\" \/>\n<script type=\"application\/ld+json\" class=\"yoast-schema-graph\">{\"@context\":\"https:\/\/schema.org\",\"@graph\":[{\"@type\":\"Article\",\"@id\":\"https:\/\/osbrcanskamalta.com.ba\/?p=1030#article\",\"isPartOf\":{\"@id\":\"https:\/\/osbrcanskamalta.com.ba\/?p=1030\"},\"author\":{\"name\":\"\",\"@id\":\"\"},\"headline\":\"Obilje\u017eena kampanja \u201e16 dana aktivizma\u201c u \u0161kolama \u201eBr\u010danska Malta\u201c i \u201eMje\u0161ovita srednja elektrotehni\u010dka \u0161kola\u201c u Tuzli\",\"datePublished\":\"2020-12-14T07:03:00+00:00\",\"dateModified\":\"2020-12-16T18:44:01+00:00\",\"mainEntityOfPage\":{\"@id\":\"https:\/\/osbrcanskamalta.com.ba\/?p=1030\"},\"wordCount\":222,\"publisher\":{\"@id\":\"https:\/\/osbrcanskamalta.com.ba\/#organization\"},\"articleSection\":[\"ETOS inicijativa\"],\"inLanguage\":\"en-US\"},{\"@type\":\"WebPage\",\"@id\":\"https:\/\/osbrcanskamalta.com.ba\/?p=1030\",\"url\":\"https:\/\/osbrcanskamalta.com.ba\/?p=1030\",\"name\":\"Obilje\u017eena kampanja \u201e16 dana aktivizma\u201c u \u0161kolama \u201eBr\u010danska Malta\u201c i \u201eMje\u0161ovita srednja elektrotehni\u010dka \u0161kola\u201c u Tuzli - O\u0160 &quot;Br\u010danska Malta&quot;\",\"isPartOf\":{\"@id\":\"https:\/\/osbrcanskamalta.com.ba\/#website\"},\"datePublished\":\"2020-12-14T07:03:00+00:00\",\"dateModified\":\"2020-12-16T18:44:01+00:00\",\"breadcrumb\":{\"@id\":\"https:\/\/osbrcanskamalta.com.ba\/?p=1030#breadcrumb\"},\"inLanguage\":\"en-US\",\"potentialAction\":[{\"@type\":\"ReadAction\",\"target\":[\"https:\/\/osbrcanskamalta.com.ba\/?p=1030\"]}]},{\"@type\":\"BreadcrumbList\",\"@id\":\"https:\/\/osbrcanskamalta.com.ba\/?p=1030#breadcrumb\",\"itemListElement\":[{\"@type\":\"ListItem\",\"position\":1,\"name\":\"Home\",\"item\":\"https:\/\/osbrcanskamalta.com.ba\/\"},{\"@type\":\"ListItem\",\"position\":2,\"name\":\"Obilje\u017eena kampanja \u201e16 dana aktivizma\u201c u \u0161kolama \u201eBr\u010danska Malta\u201c i \u201eMje\u0161ovita srednja elektrotehni\u010dka \u0161kola\u201c u Tuzli\"}]},{\"@type\":\"WebSite\",\"@id\":\"https:\/\/osbrcanskamalta.com.ba\/#website\",\"url\":\"https:\/\/osbrcanskamalta.com.ba\/\",\"name\":\"O\u0160 &quot;Br\u010danska Malta&quot;\",\"description\":\"Miroslava Krle\u017ee 27, Tuzla\",\"publisher\":{\"@id\":\"https:\/\/osbrcanskamalta.com.ba\/#organization\"},\"potentialAction\":[{\"@type\":\"SearchAction\",\"target\":{\"@type\":\"EntryPoint\",\"urlTemplate\":\"https:\/\/osbrcanskamalta.com.ba\/?s={search_term_string}\"},\"query-input\":\"required name=search_term_string\"}],\"inLanguage\":\"en-US\"},{\"@type\":\"Organization\",\"@id\":\"https:\/\/osbrcanskamalta.com.ba\/#organization\",\"name\":\"O\u0160 &quot;Br\u010danska Malta&quot;\",\"url\":\"https:\/\/osbrcanskamalta.com.ba\/\",\"logo\":{\"@type\":\"ImageObject\",\"inLanguage\":\"en-US\",\"@id\":\"https:\/\/osbrcanskamalta.com.ba\/#\/schema\/logo\/image\/\",\"url\":\"https:\/\/osbrcanskamalta.com.ba\/wp-content\/uploads\/2023\/01\/cropped-grb2.jpg\",\"contentUrl\":\"https:\/\/osbrcanskamalta.com.ba\/wp-content\/uploads\/2023\/01\/cropped-grb2.jpg\",\"width\":311,\"height\":400,\"caption\":\"O\u0160 &quot;Br\u010danska Malta&quot;\"},\"image\":{\"@id\":\"https:\/\/osbrcanskamalta.com.ba\/#\/schema\/logo\/image\/\"}},{\"@type\":\"Person\",\"@id\":\"\",\"url\":\"https:\/\/osbrcanskamalta.com.ba\/?author=1\"}]}<\/script>\n<!-- \/ Yoast SEO plugin. -->","yoast_head_json":{"title":"Obilje\u017eena kampanja \u201e16 dana aktivizma\u201c u \u0161kolama \u201eBr\u010danska Malta\u201c i \u201eMje\u0161ovita srednja elektrotehni\u010dka \u0161kola\u201c u Tuzli - O\u0160 &quot;Br\u010danska Malta&quot;","robots":{"index":"index","follow":"follow","max-snippet":"max-snippet:-1","max-image-preview":"max-image-preview:large","max-video-preview":"max-video-preview:-1"},"canonical":"https:\/\/osbrcanskamalta.com.ba\/?p=1030","og_locale":"en_US","og_type":"article","og_title":"Obilje\u017eena kampanja \u201e16 dana aktivizma\u201c u \u0161kolama \u201eBr\u010danska Malta\u201c i \u201eMje\u0161ovita srednja elektrotehni\u010dka \u0161kola\u201c u Tuzli - O\u0160 &quot;Br\u010danska Malta&quot;","og_description":"I ove godine u JU O.\u0160. \u201eBr\u010danska Malta\u201c obilje\u017eena je kampanja \u201e16 Dana aktivizma\u201c nizom aktivnosti i radionica, pod rukovodstvom &hellip;","og_url":"https:\/\/osbrcanskamalta.com.ba\/?p=1030","og_site_name":"O\u0160 &quot;Br\u010danska Malta&quot;","article_published_time":"2020-12-14T07:03:00+00:00","article_modified_time":"2020-12-16T18:44:01+00:00","og_image":[{"width":180,"height":180,"url":"https:\/\/osbrcanskamalta.com.ba\/wp-content\/uploads\/2018\/11\/45217982_891779104362849_8162769638799704064_n.jpg","type":"image\/jpeg"}],"twitter_card":"summary_large_image","twitter_misc":{"Written by":"","Est. reading time":"1 minute"},"schema":{"@context":"https:\/\/schema.org","@graph":[{"@type":"Article","@id":"https:\/\/osbrcanskamalta.com.ba\/?p=1030#article","isPartOf":{"@id":"https:\/\/osbrcanskamalta.com.ba\/?p=1030"},"author":{"name":"","@id":""},"headline":"Obilje\u017eena kampanja \u201e16 dana aktivizma\u201c u \u0161kolama \u201eBr\u010danska Malta\u201c i \u201eMje\u0161ovita srednja elektrotehni\u010dka \u0161kola\u201c u Tuzli","datePublished":"2020-12-14T07:03:00+00:00","dateModified":"2020-12-16T18:44:01+00:00","mainEntityOfPage":{"@id":"https:\/\/osbrcanskamalta.com.ba\/?p=1030"},"wordCount":222,"publisher":{"@id":"https:\/\/osbrcanskamalta.com.ba\/#organization"},"articleSection":["ETOS inicijativa"],"inLanguage":"en-US"},{"@type":"WebPage","@id":"https:\/\/osbrcanskamalta.com.ba\/?p=1030","url":"https:\/\/osbrcanskamalta.com.ba\/?p=1030","name":"Obilje\u017eena kampanja \u201e16 dana aktivizma\u201c u \u0161kolama \u201eBr\u010danska Malta\u201c i \u201eMje\u0161ovita srednja elektrotehni\u010dka \u0161kola\u201c u Tuzli - O\u0160 &quot;Br\u010danska Malta&quot;","isPartOf":{"@id":"https:\/\/osbrcanskamalta.com.ba\/#website"},"datePublished":"2020-12-14T07:03:00+00:00","dateModified":"2020-12-16T18:44:01+00:00","breadcrumb":{"@id":"https:\/\/osbrcanskamalta.com.ba\/?p=1030#breadcrumb"},"inLanguage":"en-US","potentialAction":[{"@type":"ReadAction","target":["https:\/\/osbrcanskamalta.com.ba\/?p=1030"]}]},{"@type":"BreadcrumbList","@id":"https:\/\/osbrcanskamalta.com.ba\/?p=1030#breadcrumb","itemListElement":[{"@type":"ListItem","position":1,"name":"Home","item":"https:\/\/osbrcanskamalta.com.ba\/"},{"@type":"ListItem","position":2,"name":"Obilje\u017eena kampanja \u201e16 dana aktivizma\u201c u \u0161kolama \u201eBr\u010danska Malta\u201c i \u201eMje\u0161ovita srednja elektrotehni\u010dka \u0161kola\u201c u Tuzli"}]},{"@type":"WebSite","@id":"https:\/\/osbrcanskamalta.com.ba\/#website","url":"https:\/\/osbrcanskamalta.com.ba\/","name":"O\u0160 &quot;Br\u010danska Malta&quot;","description":"Miroslava Krle\u017ee 27, Tuzla","publisher":{"@id":"https:\/\/osbrcanskamalta.com.ba\/#organization"},"potentialAction":[{"@type":"SearchAction","target":{"@type":"EntryPoint","urlTemplate":"https:\/\/osbrcanskamalta.com.ba\/?s={search_term_string}"},"query-input":"required name=search_term_string"}],"inLanguage":"en-US"},{"@type":"Organization","@id":"https:\/\/osbrcanskamalta.com.ba\/#organization","name":"O\u0160 &quot;Br\u010danska Malta&quot;","url":"https:\/\/osbrcanskamalta.com.ba\/","logo":{"@type":"ImageObject","inLanguage":"en-US","@id":"https:\/\/osbrcanskamalta.com.ba\/#\/schema\/logo\/image\/","url":"https:\/\/osbrcanskamalta.com.ba\/wp-content\/uploads\/2023\/01\/cropped-grb2.jpg","contentUrl":"https:\/\/osbrcanskamalta.com.ba\/wp-content\/uploads\/2023\/01\/cropped-grb2.jpg","width":311,"height":400,"caption":"O\u0160 &quot;Br\u010danska Malta&quot;"},"image":{"@id":"https:\/\/osbrcanskamalta.com.ba\/#\/schema\/logo\/image\/"}},{"@type":"Person","@id":"","url":"https:\/\/osbrcanskamalta.com.ba\/?author=1"}]}},"_links":{"self":[{"href":"https:\/\/osbrcanskamalta.com.ba\/index.php?rest_route=\/wp\/v2\/posts\/1030","targetHints":{"allow":["GET"]}}],"collection":[{"href":"https:\/\/osbrcanskamalta.com.ba\/index.php?rest_route=\/wp\/v2\/posts"}],"about":[{"href":"https:\/\/osbrcanskamalta.com.ba\/index.php?rest_route=\/wp\/v2\/types\/post"}],"author":[{"embeddable":true,"href":"https:\/\/osbrcanskamalta.com.ba\/index.php?rest_route=\/wp\/v2\/users\/1"}],"replies":[{"embeddable":true,"href":"https:\/\/osbrcanskamalta.com.ba\/index.php?rest_route=%2Fwp%2Fv2%2Fcomments&post=1030"}],"version-history":[{"count":2,"href":"https:\/\/osbrcanskamalta.com.ba\/index.php?rest_route=\/wp\/v2\/posts\/1030\/revisions"}],"predecessor-version":[{"id":1075,"href":"https:\/\/osbrcanskamalta.com.ba\/index.php?rest_route=\/wp\/v2\/posts\/1030\/revisions\/1075"}],"wp:featuredmedia":[{"embeddable":true,"href":"https:\/\/osbrcanskamalta.com.ba\/index.php?rest_route=\/wp\/v2\/media\/410"}],"wp:attachment":[{"href":"https:\/\/osbrcanskamalta.com.ba\/index.php?rest_route=%2Fwp%2Fv2%2Fmedia&parent=1030"}],"wp:term":[{"taxonomy":"category","embeddable":true,"href":"https:\/\/osbrcanskamalta.com.ba\/index.php?rest_route=%2Fwp%2Fv2%2Fcategories&post=1030"},{"taxonomy":"post_tag","embeddable":true,"href":"https:\/\/osbrcanskamalta.com.ba\/index.php?rest_route=%2Fwp%2Fv2%2Ftags&post=1030"}],"curies":[{"name":"wp","href":"https:\/\/api.w.org\/{rel}","templated":true}]}}