{"id":1018,"date":"2020-11-24T19:19:06","date_gmt":"2020-11-24T19:19:06","guid":{"rendered":"http:\/\/osbrcanskamalta.com.ba\/?p=1018"},"modified":"2020-11-27T13:44:07","modified_gmt":"2020-11-27T13:44:07","slug":"veliki-svijet-se-slomio-na-malim-djecjim-ledima-ucenici-na-etos-radionici-o-ucincima-pandemije-na-njihovo-mentalno-zdravlje-i-socijalizaciju","status":"publish","type":"post","link":"https:\/\/osbrcanskamalta.com.ba\/?p=1018","title":{"rendered":"\u201eVeliki svijet se slomio na malim dje\u010djim le\u0111ima\u201c \u2013 u\u010denici na ETOS radionici o u\u010dincima pandemije na njihovo mentalno zdravlje i socijalizaciju"},"content":{"rendered":"\n<p>Aktivnosti projekta \u201eUmjetnost i razumijevanje dijaloga kroz direktnu i online komunikaciju\u201c, koji je otpo\u010deo u maju ove godine, polako se privode kraju.<\/p>\n\n\n\n<p>Protekla radionica, odr\u017eana u petak 13.11., &nbsp;naro\u010dito se istakla prema realizovanim ciljevima i diskusiji tokom koje su u\u010denici uvezanih \u0161kola prokomentarisali trenutnu situaciju nastalu uslijed pandemije, te kako su zapravo na njih utjecale odluke i mjere Kriznog \u0161taba FBiH.<\/p>\n\n\n\n<p>\u201eIza svih nas je jedan te\u017eak period. Jedan nevidljivi mikroorganizam pokazao je sve slabosti <em>velikog svijeta <\/em>i ponizio nas do te mjere da se jo\u0161 nismo uspjeli vratiti u normalu \u2013 i upitno je kada \u0107emo. Koronavirus primorao nas je na novu normalnost. Zbog njega smo nekoliko mjeseci proveli u lockdownu, ekonomija i cijelo gospodarstvo trpilo je do te mjere da smo u\u0161li u najve\u0107u svjetsku krizu od Drugog svjetskog rata. Mnoge druge stvari su tako\u0111er pretrpile. Prije svega, osnovna ljudska prava u pandemiji su postala samo mrtvo slovo na papiru. Zabranjeno je kretanje, dru\u017eenje, sportske aktivnosti, a povrh svega toga i najva\u017enije&nbsp; &#8211; obrazovanje. Djeca su nekoliko mjeseci bila izolirana, provodili su dane sjede\u0107i pred televizijom, ra\u010dunarom ili mobitelom, a dru\u0161tvene mre\u017ee ne mogu i ne smiju zamijeniti nu\u017eni \u201estvarni\u201c kontakt. Veliki svijet se slomio na malim dje\u010djim le\u0111ima. Apelujem na sve da se razgradi jasan plan i program, tako da se ni u jednom trenutku ne zapostavi socijalizacija djece\u201c, zaklju\u010dak je Lukasa Nikoli\u0107a, u\u010denika Mje\u0161ovite srednje elektrotehni\u010dke \u0161kole u Tuzli.<\/p>\n\n\n\n<p>Tokom ove radionice, u\u010denici su istra\u017eivali na teme <em>Pravo na socijalizaciju u doba pandemije <\/em>i <em>Snala\u017eenje djeteta u procesu socijalizacije u doba pandemije<\/em>, te u tom procesu, analizirali cjelokupnu situaciju i u\u010dinak pandemije na njihovo psihi\u010dko zdravlje.<\/p>\n\n\n\n<p>U\u010denici su se tako\u0111er, osvrnuli i na posljedice koje su mjere uslijed pandemije ostavile na njihove \u0161kolske i vannastavne aktivnosti, pri \u010demu je neminovno naglasiti da su vannastavne aktivnosti od izuzetnog zna\u010daja za njihovo kreativno izra\u017eavanje i razvijanje li\u010dnosti, \u0161to im je trenutno ograni\u010deno i gotovo onemogu\u0107eno.<\/p>\n\n\n\n<p>Aktivnost je realizovana uz koordinaciju prof. Munevere Rahmanovi\u0107 \u2013 Hrbat, te je udru\u017eila dvije ustanove \u2013 O.\u0160. \u201eBr\u010danska Malta\u201c i Mje\u0161ovitu srednju elekrotehni\u010dku \u0161kolu u Tuzli, ispred koje je kao voditeljica u\u010destvovala doc. dr Larisa Softi\u0107 Gasal prof.<\/p>\n\n\n\n<p>Ostvarena je i saradnja sa pedagoginjom osnovne \u0161kole, mr. Sanelom Had\u017eimehmedovi\u0107 i mr. Almirom Be\u0107irovi\u0107 &#8211; prof., kojima pripada posebna zahvala za njihovo zalaganje u aktivnosti.<\/p>\n\n\n\n<p><em>Projekat se realizuje u okviru Etos Inicijative, koju provodi TPO Fondacija iz Sarajeva.<\/em><\/p>\n\n\n\n<figure class=\"wp-block-gallery columns-3 is-cropped wp-block-gallery-1 is-layout-flex wp-block-gallery-is-layout-flex\"><ul class=\"blocks-gallery-grid\"><li class=\"blocks-gallery-item\"><figure><img loading=\"lazy\" decoding=\"async\" width=\"1024\" height=\"576\" src=\"http:\/\/osbrcanskamalta.com.ba\/wp-content\/uploads\/2020\/11\/IMG-00ced21e15a00991eb961f6ab08a44ad-V-1024x576.jpg\" alt=\"\" data-id=\"1019\" data-full-url=\"http:\/\/osbrcanskamalta.com.ba\/wp-content\/uploads\/2020\/11\/IMG-00ced21e15a00991eb961f6ab08a44ad-V.jpg\" data-link=\"http:\/\/osbrcanskamalta.com.ba\/?attachment_id=1019\" class=\"wp-image-1019\" srcset=\"https:\/\/osbrcanskamalta.com.ba\/wp-content\/uploads\/2020\/11\/IMG-00ced21e15a00991eb961f6ab08a44ad-V-1024x576.jpg 1024w, https:\/\/osbrcanskamalta.com.ba\/wp-content\/uploads\/2020\/11\/IMG-00ced21e15a00991eb961f6ab08a44ad-V-300x169.jpg 300w, https:\/\/osbrcanskamalta.com.ba\/wp-content\/uploads\/2020\/11\/IMG-00ced21e15a00991eb961f6ab08a44ad-V-768x432.jpg 768w, https:\/\/osbrcanskamalta.com.ba\/wp-content\/uploads\/2020\/11\/IMG-00ced21e15a00991eb961f6ab08a44ad-V-1536x864.jpg 1536w, https:\/\/osbrcanskamalta.com.ba\/wp-content\/uploads\/2020\/11\/IMG-00ced21e15a00991eb961f6ab08a44ad-V.jpg 1600w\" sizes=\"auto, (max-width: 1024px) 100vw, 1024px\" \/><\/figure><\/li><li class=\"blocks-gallery-item\"><figure><img loading=\"lazy\" decoding=\"async\" width=\"576\" height=\"1024\" src=\"http:\/\/osbrcanskamalta.com.ba\/wp-content\/uploads\/2020\/11\/IMG-4dd23f47583dce42ed55518e1587a2fd-V-576x1024.jpg\" alt=\"\" data-id=\"1020\" data-full-url=\"http:\/\/osbrcanskamalta.com.ba\/wp-content\/uploads\/2020\/11\/IMG-4dd23f47583dce42ed55518e1587a2fd-V.jpg\" data-link=\"http:\/\/osbrcanskamalta.com.ba\/?attachment_id=1020\" class=\"wp-image-1020\" srcset=\"https:\/\/osbrcanskamalta.com.ba\/wp-content\/uploads\/2020\/11\/IMG-4dd23f47583dce42ed55518e1587a2fd-V-576x1024.jpg 576w, https:\/\/osbrcanskamalta.com.ba\/wp-content\/uploads\/2020\/11\/IMG-4dd23f47583dce42ed55518e1587a2fd-V-169x300.jpg 169w, https:\/\/osbrcanskamalta.com.ba\/wp-content\/uploads\/2020\/11\/IMG-4dd23f47583dce42ed55518e1587a2fd-V-768x1365.jpg 768w, https:\/\/osbrcanskamalta.com.ba\/wp-content\/uploads\/2020\/11\/IMG-4dd23f47583dce42ed55518e1587a2fd-V-864x1536.jpg 864w, https:\/\/osbrcanskamalta.com.ba\/wp-content\/uploads\/2020\/11\/IMG-4dd23f47583dce42ed55518e1587a2fd-V.jpg 900w\" sizes=\"auto, (max-width: 576px) 100vw, 576px\" \/><\/figure><\/li><li class=\"blocks-gallery-item\"><figure><img loading=\"lazy\" decoding=\"async\" width=\"1024\" height=\"391\" src=\"http:\/\/osbrcanskamalta.com.ba\/wp-content\/uploads\/2020\/11\/IMG-7b6f28a0e70d2b62af7d60d384f3174e-V-1024x391.jpg\" alt=\"\" data-id=\"1021\" data-full-url=\"http:\/\/osbrcanskamalta.com.ba\/wp-content\/uploads\/2020\/11\/IMG-7b6f28a0e70d2b62af7d60d384f3174e-V.jpg\" data-link=\"http:\/\/osbrcanskamalta.com.ba\/?attachment_id=1021\" class=\"wp-image-1021\" srcset=\"https:\/\/osbrcanskamalta.com.ba\/wp-content\/uploads\/2020\/11\/IMG-7b6f28a0e70d2b62af7d60d384f3174e-V-1024x391.jpg 1024w, https:\/\/osbrcanskamalta.com.ba\/wp-content\/uploads\/2020\/11\/IMG-7b6f28a0e70d2b62af7d60d384f3174e-V-300x115.jpg 300w, https:\/\/osbrcanskamalta.com.ba\/wp-content\/uploads\/2020\/11\/IMG-7b6f28a0e70d2b62af7d60d384f3174e-V-768x293.jpg 768w, https:\/\/osbrcanskamalta.com.ba\/wp-content\/uploads\/2020\/11\/IMG-7b6f28a0e70d2b62af7d60d384f3174e-V-1536x587.jpg 1536w, https:\/\/osbrcanskamalta.com.ba\/wp-content\/uploads\/2020\/11\/IMG-7b6f28a0e70d2b62af7d60d384f3174e-V.jpg 1600w\" sizes=\"auto, (max-width: 1024px) 100vw, 1024px\" \/><\/figure><\/li><li class=\"blocks-gallery-item\"><figure><img loading=\"lazy\" decoding=\"async\" width=\"1024\" height=\"576\" src=\"http:\/\/osbrcanskamalta.com.ba\/wp-content\/uploads\/2020\/11\/IMG-35c7d0ca76885002d974a77fb4760a51-V-1024x576.jpg\" alt=\"\" data-id=\"1022\" data-full-url=\"http:\/\/osbrcanskamalta.com.ba\/wp-content\/uploads\/2020\/11\/IMG-35c7d0ca76885002d974a77fb4760a51-V.jpg\" data-link=\"http:\/\/osbrcanskamalta.com.ba\/?attachment_id=1022\" class=\"wp-image-1022\" srcset=\"https:\/\/osbrcanskamalta.com.ba\/wp-content\/uploads\/2020\/11\/IMG-35c7d0ca76885002d974a77fb4760a51-V-1024x576.jpg 1024w, https:\/\/osbrcanskamalta.com.ba\/wp-content\/uploads\/2020\/11\/IMG-35c7d0ca76885002d974a77fb4760a51-V-300x169.jpg 300w, https:\/\/osbrcanskamalta.com.ba\/wp-content\/uploads\/2020\/11\/IMG-35c7d0ca76885002d974a77fb4760a51-V-768x432.jpg 768w, https:\/\/osbrcanskamalta.com.ba\/wp-content\/uploads\/2020\/11\/IMG-35c7d0ca76885002d974a77fb4760a51-V-1536x864.jpg 1536w, https:\/\/osbrcanskamalta.com.ba\/wp-content\/uploads\/2020\/11\/IMG-35c7d0ca76885002d974a77fb4760a51-V.jpg 1600w\" sizes=\"auto, (max-width: 1024px) 100vw, 1024px\" \/><\/figure><\/li><li class=\"blocks-gallery-item\"><figure><img loading=\"lazy\" decoding=\"async\" width=\"576\" height=\"1024\" src=\"http:\/\/osbrcanskamalta.com.ba\/wp-content\/uploads\/2020\/11\/IMG-58fcd3a72a8004e7bc0ca08c779e8762-V-576x1024.jpg\" alt=\"\" data-id=\"1023\" data-full-url=\"http:\/\/osbrcanskamalta.com.ba\/wp-content\/uploads\/2020\/11\/IMG-58fcd3a72a8004e7bc0ca08c779e8762-V.jpg\" data-link=\"http:\/\/osbrcanskamalta.com.ba\/?attachment_id=1023\" class=\"wp-image-1023\" srcset=\"https:\/\/osbrcanskamalta.com.ba\/wp-content\/uploads\/2020\/11\/IMG-58fcd3a72a8004e7bc0ca08c779e8762-V-576x1024.jpg 576w, https:\/\/osbrcanskamalta.com.ba\/wp-content\/uploads\/2020\/11\/IMG-58fcd3a72a8004e7bc0ca08c779e8762-V-169x300.jpg 169w, https:\/\/osbrcanskamalta.com.ba\/wp-content\/uploads\/2020\/11\/IMG-58fcd3a72a8004e7bc0ca08c779e8762-V-768x1365.jpg 768w, https:\/\/osbrcanskamalta.com.ba\/wp-content\/uploads\/2020\/11\/IMG-58fcd3a72a8004e7bc0ca08c779e8762-V-864x1536.jpg 864w, https:\/\/osbrcanskamalta.com.ba\/wp-content\/uploads\/2020\/11\/IMG-58fcd3a72a8004e7bc0ca08c779e8762-V.jpg 900w\" sizes=\"auto, (max-width: 576px) 100vw, 576px\" \/><\/figure><\/li><li class=\"blocks-gallery-item\"><figure><img loading=\"lazy\" decoding=\"async\" width=\"576\" height=\"1024\" src=\"http:\/\/osbrcanskamalta.com.ba\/wp-content\/uploads\/2020\/11\/IMG-303b6f51fe6bcb625b7375f96c77d0eb-V-576x1024.jpg\" alt=\"\" data-id=\"1024\" data-full-url=\"http:\/\/osbrcanskamalta.com.ba\/wp-content\/uploads\/2020\/11\/IMG-303b6f51fe6bcb625b7375f96c77d0eb-V.jpg\" data-link=\"http:\/\/osbrcanskamalta.com.ba\/?attachment_id=1024\" class=\"wp-image-1024\" srcset=\"https:\/\/osbrcanskamalta.com.ba\/wp-content\/uploads\/2020\/11\/IMG-303b6f51fe6bcb625b7375f96c77d0eb-V-576x1024.jpg 576w, https:\/\/osbrcanskamalta.com.ba\/wp-content\/uploads\/2020\/11\/IMG-303b6f51fe6bcb625b7375f96c77d0eb-V-169x300.jpg 169w, https:\/\/osbrcanskamalta.com.ba\/wp-content\/uploads\/2020\/11\/IMG-303b6f51fe6bcb625b7375f96c77d0eb-V-768x1365.jpg 768w, https:\/\/osbrcanskamalta.com.ba\/wp-content\/uploads\/2020\/11\/IMG-303b6f51fe6bcb625b7375f96c77d0eb-V-864x1536.jpg 864w, https:\/\/osbrcanskamalta.com.ba\/wp-content\/uploads\/2020\/11\/IMG-303b6f51fe6bcb625b7375f96c77d0eb-V.jpg 900w\" sizes=\"auto, (max-width: 576px) 100vw, 576px\" \/><\/figure><\/li><li class=\"blocks-gallery-item\"><figure><img loading=\"lazy\" decoding=\"async\" width=\"576\" height=\"1024\" src=\"http:\/\/osbrcanskamalta.com.ba\/wp-content\/uploads\/2020\/11\/IMG-016625200febcb11cadc8488eeb94392-V-576x1024.jpg\" alt=\"\" data-id=\"1025\" data-full-url=\"http:\/\/osbrcanskamalta.com.ba\/wp-content\/uploads\/2020\/11\/IMG-016625200febcb11cadc8488eeb94392-V.jpg\" data-link=\"http:\/\/osbrcanskamalta.com.ba\/?attachment_id=1025\" class=\"wp-image-1025\" srcset=\"https:\/\/osbrcanskamalta.com.ba\/wp-content\/uploads\/2020\/11\/IMG-016625200febcb11cadc8488eeb94392-V-576x1024.jpg 576w, https:\/\/osbrcanskamalta.com.ba\/wp-content\/uploads\/2020\/11\/IMG-016625200febcb11cadc8488eeb94392-V-169x300.jpg 169w, https:\/\/osbrcanskamalta.com.ba\/wp-content\/uploads\/2020\/11\/IMG-016625200febcb11cadc8488eeb94392-V-768x1365.jpg 768w, https:\/\/osbrcanskamalta.com.ba\/wp-content\/uploads\/2020\/11\/IMG-016625200febcb11cadc8488eeb94392-V-864x1536.jpg 864w, https:\/\/osbrcanskamalta.com.ba\/wp-content\/uploads\/2020\/11\/IMG-016625200febcb11cadc8488eeb94392-V.jpg 900w\" sizes=\"auto, (max-width: 576px) 100vw, 576px\" \/><\/figure><\/li><li class=\"blocks-gallery-item\"><figure><img loading=\"lazy\" decoding=\"async\" width=\"1024\" height=\"576\" src=\"http:\/\/osbrcanskamalta.com.ba\/wp-content\/uploads\/2020\/11\/IMG-b94cbb9acb09da81bebcb71dc3a7916c-V-1024x576.jpg\" alt=\"\" data-id=\"1026\" data-full-url=\"http:\/\/osbrcanskamalta.com.ba\/wp-content\/uploads\/2020\/11\/IMG-b94cbb9acb09da81bebcb71dc3a7916c-V.jpg\" data-link=\"http:\/\/osbrcanskamalta.com.ba\/?attachment_id=1026\" class=\"wp-image-1026\" srcset=\"https:\/\/osbrcanskamalta.com.ba\/wp-content\/uploads\/2020\/11\/IMG-b94cbb9acb09da81bebcb71dc3a7916c-V-1024x576.jpg 1024w, https:\/\/osbrcanskamalta.com.ba\/wp-content\/uploads\/2020\/11\/IMG-b94cbb9acb09da81bebcb71dc3a7916c-V-300x169.jpg 300w, https:\/\/osbrcanskamalta.com.ba\/wp-content\/uploads\/2020\/11\/IMG-b94cbb9acb09da81bebcb71dc3a7916c-V-768x432.jpg 768w, https:\/\/osbrcanskamalta.com.ba\/wp-content\/uploads\/2020\/11\/IMG-b94cbb9acb09da81bebcb71dc3a7916c-V-1536x864.jpg 1536w, https:\/\/osbrcanskamalta.com.ba\/wp-content\/uploads\/2020\/11\/IMG-b94cbb9acb09da81bebcb71dc3a7916c-V.jpg 1600w\" sizes=\"auto, (max-width: 1024px) 100vw, 1024px\" \/><\/figure><\/li><\/ul><\/figure>\n","protected":false},"excerpt":{"rendered":"<p>Aktivnosti projekta \u201eUmjetnost i razumijevanje dijaloga kroz direktnu i online komunikaciju\u201c, koji je otpo\u010deo u maju ove godine, polako se &hellip; <\/p>\n","protected":false},"author":1,"featured_media":0,"comment_status":"closed","ping_status":"closed","sticky":false,"template":"","format":"standard","meta":{"footnotes":""},"categories":[12],"tags":[],"class_list":["post-1018","post","type-post","status-publish","format-standard","hentry","category-etos-inicijativa"],"yoast_head":"<!-- This site is optimized with the Yoast SEO plugin v19.13 - https:\/\/yoast.com\/wordpress\/plugins\/seo\/ -->\n<title>\u201eVeliki svijet se slomio na malim dje\u010djim le\u0111ima\u201c \u2013 u\u010denici na ETOS radionici o u\u010dincima pandemije na njihovo mentalno zdravlje i socijalizaciju - O\u0160 &quot;Br\u010danska Malta&quot;<\/title>\n<meta name=\"robots\" content=\"index, follow, max-snippet:-1, max-image-preview:large, max-video-preview:-1\" \/>\n<link rel=\"canonical\" href=\"https:\/\/osbrcanskamalta.com.ba\/?p=1018\" \/>\n<meta property=\"og:locale\" content=\"en_US\" \/>\n<meta property=\"og:type\" content=\"article\" \/>\n<meta property=\"og:title\" content=\"\u201eVeliki svijet se slomio na malim dje\u010djim le\u0111ima\u201c \u2013 u\u010denici na ETOS radionici o u\u010dincima pandemije na njihovo mentalno zdravlje i socijalizaciju - O\u0160 &quot;Br\u010danska Malta&quot;\" \/>\n<meta property=\"og:description\" content=\"Aktivnosti projekta \u201eUmjetnost i razumijevanje dijaloga kroz direktnu i online komunikaciju\u201c, koji je otpo\u010deo u maju ove godine, polako se &hellip;\" \/>\n<meta property=\"og:url\" content=\"https:\/\/osbrcanskamalta.com.ba\/?p=1018\" \/>\n<meta property=\"og:site_name\" content=\"O\u0160 &quot;Br\u010danska Malta&quot;\" \/>\n<meta property=\"article:published_time\" content=\"2020-11-24T19:19:06+00:00\" \/>\n<meta property=\"article:modified_time\" content=\"2020-11-27T13:44:07+00:00\" \/>\n<meta property=\"og:image\" content=\"http:\/\/osbrcanskamalta.com.ba\/wp-content\/uploads\/2020\/11\/IMG-00ced21e15a00991eb961f6ab08a44ad-V-1024x576.jpg\" \/>\n<meta name=\"twitter:card\" content=\"summary_large_image\" \/>\n<meta name=\"twitter:label1\" content=\"Written by\" \/>\n\t<meta name=\"twitter:data1\" content=\"\" \/>\n\t<meta name=\"twitter:label2\" content=\"Est. reading time\" \/>\n\t<meta name=\"twitter:data2\" content=\"2 minutes\" \/>\n<script type=\"application\/ld+json\" class=\"yoast-schema-graph\">{\"@context\":\"https:\/\/schema.org\",\"@graph\":[{\"@type\":\"Article\",\"@id\":\"https:\/\/osbrcanskamalta.com.ba\/?p=1018#article\",\"isPartOf\":{\"@id\":\"https:\/\/osbrcanskamalta.com.ba\/?p=1018\"},\"author\":{\"name\":\"\",\"@id\":\"\"},\"headline\":\"\u201eVeliki svijet se slomio na malim dje\u010djim le\u0111ima\u201c \u2013 u\u010denici na ETOS radionici o u\u010dincima pandemije na njihovo mentalno zdravlje i socijalizaciju\",\"datePublished\":\"2020-11-24T19:19:06+00:00\",\"dateModified\":\"2020-11-27T13:44:07+00:00\",\"mainEntityOfPage\":{\"@id\":\"https:\/\/osbrcanskamalta.com.ba\/?p=1018\"},\"wordCount\":458,\"publisher\":{\"@id\":\"https:\/\/osbrcanskamalta.com.ba\/#organization\"},\"articleSection\":[\"ETOS inicijativa\"],\"inLanguage\":\"en-US\"},{\"@type\":\"WebPage\",\"@id\":\"https:\/\/osbrcanskamalta.com.ba\/?p=1018\",\"url\":\"https:\/\/osbrcanskamalta.com.ba\/?p=1018\",\"name\":\"\u201eVeliki svijet se slomio na malim dje\u010djim le\u0111ima\u201c \u2013 u\u010denici na ETOS radionici o u\u010dincima pandemije na njihovo mentalno zdravlje i socijalizaciju - O\u0160 &quot;Br\u010danska Malta&quot;\",\"isPartOf\":{\"@id\":\"https:\/\/osbrcanskamalta.com.ba\/#website\"},\"datePublished\":\"2020-11-24T19:19:06+00:00\",\"dateModified\":\"2020-11-27T13:44:07+00:00\",\"breadcrumb\":{\"@id\":\"https:\/\/osbrcanskamalta.com.ba\/?p=1018#breadcrumb\"},\"inLanguage\":\"en-US\",\"potentialAction\":[{\"@type\":\"ReadAction\",\"target\":[\"https:\/\/osbrcanskamalta.com.ba\/?p=1018\"]}]},{\"@type\":\"BreadcrumbList\",\"@id\":\"https:\/\/osbrcanskamalta.com.ba\/?p=1018#breadcrumb\",\"itemListElement\":[{\"@type\":\"ListItem\",\"position\":1,\"name\":\"Home\",\"item\":\"https:\/\/osbrcanskamalta.com.ba\/\"},{\"@type\":\"ListItem\",\"position\":2,\"name\":\"\u201eVeliki svijet se slomio na malim dje\u010djim le\u0111ima\u201c \u2013 u\u010denici na ETOS radionici o u\u010dincima pandemije na njihovo mentalno zdravlje i socijalizaciju\"}]},{\"@type\":\"WebSite\",\"@id\":\"https:\/\/osbrcanskamalta.com.ba\/#website\",\"url\":\"https:\/\/osbrcanskamalta.com.ba\/\",\"name\":\"O\u0160 &quot;Br\u010danska Malta&quot;\",\"description\":\"Miroslava Krle\u017ee 27, Tuzla\",\"publisher\":{\"@id\":\"https:\/\/osbrcanskamalta.com.ba\/#organization\"},\"potentialAction\":[{\"@type\":\"SearchAction\",\"target\":{\"@type\":\"EntryPoint\",\"urlTemplate\":\"https:\/\/osbrcanskamalta.com.ba\/?s={search_term_string}\"},\"query-input\":\"required name=search_term_string\"}],\"inLanguage\":\"en-US\"},{\"@type\":\"Organization\",\"@id\":\"https:\/\/osbrcanskamalta.com.ba\/#organization\",\"name\":\"O\u0160 &quot;Br\u010danska Malta&quot;\",\"url\":\"https:\/\/osbrcanskamalta.com.ba\/\",\"logo\":{\"@type\":\"ImageObject\",\"inLanguage\":\"en-US\",\"@id\":\"https:\/\/osbrcanskamalta.com.ba\/#\/schema\/logo\/image\/\",\"url\":\"https:\/\/osbrcanskamalta.com.ba\/wp-content\/uploads\/2023\/01\/cropped-grb2.jpg\",\"contentUrl\":\"https:\/\/osbrcanskamalta.com.ba\/wp-content\/uploads\/2023\/01\/cropped-grb2.jpg\",\"width\":311,\"height\":400,\"caption\":\"O\u0160 &quot;Br\u010danska Malta&quot;\"},\"image\":{\"@id\":\"https:\/\/osbrcanskamalta.com.ba\/#\/schema\/logo\/image\/\"}},{\"@type\":\"Person\",\"@id\":\"\",\"url\":\"https:\/\/osbrcanskamalta.com.ba\/?author=1\"}]}<\/script>\n<!-- \/ Yoast SEO plugin. -->","yoast_head_json":{"title":"\u201eVeliki svijet se slomio na malim dje\u010djim le\u0111ima\u201c \u2013 u\u010denici na ETOS radionici o u\u010dincima pandemije na njihovo mentalno zdravlje i socijalizaciju - O\u0160 &quot;Br\u010danska Malta&quot;","robots":{"index":"index","follow":"follow","max-snippet":"max-snippet:-1","max-image-preview":"max-image-preview:large","max-video-preview":"max-video-preview:-1"},"canonical":"https:\/\/osbrcanskamalta.com.ba\/?p=1018","og_locale":"en_US","og_type":"article","og_title":"\u201eVeliki svijet se slomio na malim dje\u010djim le\u0111ima\u201c \u2013 u\u010denici na ETOS radionici o u\u010dincima pandemije na njihovo mentalno zdravlje i socijalizaciju - O\u0160 &quot;Br\u010danska Malta&quot;","og_description":"Aktivnosti projekta \u201eUmjetnost i razumijevanje dijaloga kroz direktnu i online komunikaciju\u201c, koji je otpo\u010deo u maju ove godine, polako se &hellip;","og_url":"https:\/\/osbrcanskamalta.com.ba\/?p=1018","og_site_name":"O\u0160 &quot;Br\u010danska Malta&quot;","article_published_time":"2020-11-24T19:19:06+00:00","article_modified_time":"2020-11-27T13:44:07+00:00","og_image":[{"url":"http:\/\/osbrcanskamalta.com.ba\/wp-content\/uploads\/2020\/11\/IMG-00ced21e15a00991eb961f6ab08a44ad-V-1024x576.jpg"}],"twitter_card":"summary_large_image","twitter_misc":{"Written by":"","Est. reading time":"2 minutes"},"schema":{"@context":"https:\/\/schema.org","@graph":[{"@type":"Article","@id":"https:\/\/osbrcanskamalta.com.ba\/?p=1018#article","isPartOf":{"@id":"https:\/\/osbrcanskamalta.com.ba\/?p=1018"},"author":{"name":"","@id":""},"headline":"\u201eVeliki svijet se slomio na malim dje\u010djim le\u0111ima\u201c \u2013 u\u010denici na ETOS radionici o u\u010dincima pandemije na njihovo mentalno zdravlje i socijalizaciju","datePublished":"2020-11-24T19:19:06+00:00","dateModified":"2020-11-27T13:44:07+00:00","mainEntityOfPage":{"@id":"https:\/\/osbrcanskamalta.com.ba\/?p=1018"},"wordCount":458,"publisher":{"@id":"https:\/\/osbrcanskamalta.com.ba\/#organization"},"articleSection":["ETOS inicijativa"],"inLanguage":"en-US"},{"@type":"WebPage","@id":"https:\/\/osbrcanskamalta.com.ba\/?p=1018","url":"https:\/\/osbrcanskamalta.com.ba\/?p=1018","name":"\u201eVeliki svijet se slomio na malim dje\u010djim le\u0111ima\u201c \u2013 u\u010denici na ETOS radionici o u\u010dincima pandemije na njihovo mentalno zdravlje i socijalizaciju - O\u0160 &quot;Br\u010danska Malta&quot;","isPartOf":{"@id":"https:\/\/osbrcanskamalta.com.ba\/#website"},"datePublished":"2020-11-24T19:19:06+00:00","dateModified":"2020-11-27T13:44:07+00:00","breadcrumb":{"@id":"https:\/\/osbrcanskamalta.com.ba\/?p=1018#breadcrumb"},"inLanguage":"en-US","potentialAction":[{"@type":"ReadAction","target":["https:\/\/osbrcanskamalta.com.ba\/?p=1018"]}]},{"@type":"BreadcrumbList","@id":"https:\/\/osbrcanskamalta.com.ba\/?p=1018#breadcrumb","itemListElement":[{"@type":"ListItem","position":1,"name":"Home","item":"https:\/\/osbrcanskamalta.com.ba\/"},{"@type":"ListItem","position":2,"name":"\u201eVeliki svijet se slomio na malim dje\u010djim le\u0111ima\u201c \u2013 u\u010denici na ETOS radionici o u\u010dincima pandemije na njihovo mentalno zdravlje i socijalizaciju"}]},{"@type":"WebSite","@id":"https:\/\/osbrcanskamalta.com.ba\/#website","url":"https:\/\/osbrcanskamalta.com.ba\/","name":"O\u0160 &quot;Br\u010danska Malta&quot;","description":"Miroslava Krle\u017ee 27, Tuzla","publisher":{"@id":"https:\/\/osbrcanskamalta.com.ba\/#organization"},"potentialAction":[{"@type":"SearchAction","target":{"@type":"EntryPoint","urlTemplate":"https:\/\/osbrcanskamalta.com.ba\/?s={search_term_string}"},"query-input":"required name=search_term_string"}],"inLanguage":"en-US"},{"@type":"Organization","@id":"https:\/\/osbrcanskamalta.com.ba\/#organization","name":"O\u0160 &quot;Br\u010danska Malta&quot;","url":"https:\/\/osbrcanskamalta.com.ba\/","logo":{"@type":"ImageObject","inLanguage":"en-US","@id":"https:\/\/osbrcanskamalta.com.ba\/#\/schema\/logo\/image\/","url":"https:\/\/osbrcanskamalta.com.ba\/wp-content\/uploads\/2023\/01\/cropped-grb2.jpg","contentUrl":"https:\/\/osbrcanskamalta.com.ba\/wp-content\/uploads\/2023\/01\/cropped-grb2.jpg","width":311,"height":400,"caption":"O\u0160 &quot;Br\u010danska Malta&quot;"},"image":{"@id":"https:\/\/osbrcanskamalta.com.ba\/#\/schema\/logo\/image\/"}},{"@type":"Person","@id":"","url":"https:\/\/osbrcanskamalta.com.ba\/?author=1"}]}},"_links":{"self":[{"href":"https:\/\/osbrcanskamalta.com.ba\/index.php?rest_route=\/wp\/v2\/posts\/1018","targetHints":{"allow":["GET"]}}],"collection":[{"href":"https:\/\/osbrcanskamalta.com.ba\/index.php?rest_route=\/wp\/v2\/posts"}],"about":[{"href":"https:\/\/osbrcanskamalta.com.ba\/index.php?rest_route=\/wp\/v2\/types\/post"}],"author":[{"embeddable":true,"href":"https:\/\/osbrcanskamalta.com.ba\/index.php?rest_route=\/wp\/v2\/users\/1"}],"replies":[{"embeddable":true,"href":"https:\/\/osbrcanskamalta.com.ba\/index.php?rest_route=%2Fwp%2Fv2%2Fcomments&post=1018"}],"version-history":[{"count":2,"href":"https:\/\/osbrcanskamalta.com.ba\/index.php?rest_route=\/wp\/v2\/posts\/1018\/revisions"}],"predecessor-version":[{"id":1029,"href":"https:\/\/osbrcanskamalta.com.ba\/index.php?rest_route=\/wp\/v2\/posts\/1018\/revisions\/1029"}],"wp:attachment":[{"href":"https:\/\/osbrcanskamalta.com.ba\/index.php?rest_route=%2Fwp%2Fv2%2Fmedia&parent=1018"}],"wp:term":[{"taxonomy":"category","embeddable":true,"href":"https:\/\/osbrcanskamalta.com.ba\/index.php?rest_route=%2Fwp%2Fv2%2Fcategories&post=1018"},{"taxonomy":"post_tag","embeddable":true,"href":"https:\/\/osbrcanskamalta.com.ba\/index.php?rest_route=%2Fwp%2Fv2%2Ftags&post=1018"}],"curies":[{"name":"wp","href":"https:\/\/api.w.org\/{rel}","templated":true}]}}